{"id":558,"date":"2023-07-03T17:19:07","date_gmt":"2023-07-03T17:19:07","guid":{"rendered":"https:\/\/diariohiggins.cl\/portal\/?p=558"},"modified":"2023-07-03T17:19:08","modified_gmt":"2023-07-03T17:19:08","slug":"una-auditoria-externa-podria-ser-motivada-por-un-deficit-de-mas-de-6-mil-millones-en-la-gestion-de-cormun-rancagua","status":"publish","type":"post","link":"https:\/\/www.diariohiggins.cl\/portal\/2023\/07\/03\/una-auditoria-externa-podria-ser-motivada-por-un-deficit-de-mas-de-6-mil-millones-en-la-gestion-de-cormun-rancagua\/","title":{"rendered":"Una auditor\u00eda externa podr\u00eda ser motivada por un d\u00e9ficit de m\u00e1s de $6 mil millones en la gesti\u00f3n de Cormun Rancagua."},"content":{"rendered":"\n<p>La posibilidad de una quiebra en la Corporaci\u00f3n Municipal de Rancagua ha generado preocupaci\u00f3n entre los concejales de la comuna. Esta inquietud surge en medio de rumores y temores de los funcionarios municipales, respaldados por datos contables y hechos que intensifican la preocupaci\u00f3n.<\/p>\n\n\n\n<p>Durante meses, los concejales han denunciado la falta de medicamentos e insumos en los centros de atenci\u00f3n primaria de la comuna. Esta situaci\u00f3n, junto con otros problemas, llev\u00f3 a una huelga de los trabajadores de la salud municipal y a que cuatro concejales se abstuvieran de aprobar cualquier propuesta del alcalde Juan Ram\u00f3n Godoy hasta que se resuelva el conflicto.<\/p>\n\n\n\n<p>El concejal Hugo Guzm\u00e1n ha expresado su preocupaci\u00f3n por la posible quiebra de la Corporaci\u00f3n Municipal y ha se\u00f1alado que la amenaza de corte de suministro el\u00e9ctrico en el Centro de Salud Familiar 2 es una clara se\u00f1al de que algo grave est\u00e1 ocurriendo.<\/p>\n\n\n\n<p>Los concejales y el alcalde han recibido una carta del jefe de la Unidad de Control del municipio, en la que se informa que se ha solicitado informaci\u00f3n contable sobre la situaci\u00f3n presupuestaria y financiera de la Corporaci\u00f3n Municipal, pero no se ha obtenido respuesta. La carta tambi\u00e9n revela que las \u00e1reas deficitarias son educaci\u00f3n, salud y administraci\u00f3n, lo que suma un d\u00e9ficit de m\u00e1s de $7 mil millones. Sin embargo, si se resta el super\u00e1vit del Cementerio, el d\u00e9ficit al 31 de diciembre de 2022 ser\u00eda de m\u00e1s de $6 mil millones.<\/p>\n\n\n\n<p>El documento concluye enfatizando la necesidad de realizar una auditor\u00eda por una consultora externa para determinar la situaci\u00f3n presupuestaria, financiera y tributaria exacta de la corporaci\u00f3n municipal.<\/p>\n\n\n\n<p>El concejal Guzm\u00e1n ha pedido al alcalde que se refiera a la delicada situaci\u00f3n de la Corporaci\u00f3n Municipal, ya que los recursos p\u00fablicos podr\u00edan estar siendo mal administrados. La concejala Mar\u00eda del Carmen Orueta tambi\u00e9n ha expresado su preocupaci\u00f3n por lo que el d\u00e9ficit significa para los vecinos de Rancagua.<\/p>\n\n\n\n<p>La Corporaci\u00f3n Municipal de Servicios P\u00fablicos Traspasados de Rancagua ha respondido a estas preocupaciones con un comunicado en el que afirma que est\u00e1 comprometida a ejecutar de manera eficiente y responsable su ejercicio financiero y presupuestario, ajust\u00e1ndose a la disponibilidad de recursos que le aportan y transfieren otros organismos.<\/p>\n","protected":false},"excerpt":{"rendered":"La posibilidad de una quiebra en la Corporaci\u00f3n Municipal de Rancagua ha generado preocupaci\u00f3n entre los concejales de&hellip;\n","protected":false},"author":1,"featured_media":503,"comment_status":"open","ping_status":"open","sticky":false,"template":"","format":"standard","meta":{"footnotes":""},"categories":[10,12,9,11],"tags":[],"class_list":{"0":"post-558","1":"post","2":"type-post","3":"status-publish","4":"format-standard","5":"has-post-thumbnail","7":"category-comunal","8":"category-nacional","9":"category-portada","10":"category-regional"},"_links":{"self":[{"href":"https:\/\/www.diariohiggins.cl\/portal\/wp-json\/wp\/v2\/posts\/558","targetHints":{"allow":["GET"]}}],"collection":[{"href":"https:\/\/www.diariohiggins.cl\/portal\/wp-json\/wp\/v2\/posts"}],"about":[{"href":"https:\/\/www.diariohiggins.cl\/portal\/wp-json\/wp\/v2\/types\/post"}],"author":[{"embeddable":true,"href":"https:\/\/www.diariohiggins.cl\/portal\/wp-json\/wp\/v2\/users\/1"}],"replies":[{"embeddable":true,"href":"https:\/\/www.diariohiggins.cl\/portal\/wp-json\/wp\/v2\/comments?post=558"}],"version-history":[{"count":1,"href":"https:\/\/www.diariohiggins.cl\/portal\/wp-json\/wp\/v2\/posts\/558\/revisions"}],"predecessor-version":[{"id":560,"href":"https:\/\/www.diariohiggins.cl\/portal\/wp-json\/wp\/v2\/posts\/558\/revisions\/560"}],"wp:featuredmedia":[{"embeddable":true,"href":"https:\/\/www.diariohiggins.cl\/portal\/wp-json\/wp\/v2\/media\/503"}],"wp:attachment":[{"href":"https:\/\/www.diariohiggins.cl\/portal\/wp-json\/wp\/v2\/media?parent=558"}],"wp:term":[{"taxonomy":"category","embeddable":true,"href":"https:\/\/www.diariohiggins.cl\/portal\/wp-json\/wp\/v2\/categories?post=558"},{"taxonomy":"post_tag","embeddable":true,"href":"https:\/\/www.diariohiggins.cl\/portal\/wp-json\/wp\/v2\/tags?post=558"}],"curies":[{"name":"wp","href":"https:\/\/api.w.org\/{rel}","templated":true}]}}