{"id":540,"date":"2023-06-30T15:22:26","date_gmt":"2023-06-30T15:22:26","guid":{"rendered":"https:\/\/diariohiggins.cl\/portal\/?p=540"},"modified":"2023-06-30T15:22:27","modified_gmt":"2023-06-30T15:22:27","slug":"la-contraloria-suspende-la-toma-de-razon-de-contratos-que-involucran-transferencia-de-fondos-gubernamentales-a-fundaciones","status":"publish","type":"post","link":"https:\/\/www.diariohiggins.cl\/portal\/2023\/06\/30\/la-contraloria-suspende-la-toma-de-razon-de-contratos-que-involucran-transferencia-de-fondos-gubernamentales-a-fundaciones\/","title":{"rendered":"La Contralor\u00eda suspende la &#8220;toma de raz\u00f3n&#8221; de contratos que involucran transferencia de fondos gubernamentales a fundaciones."},"content":{"rendered":"\n<p>Contralor\u00eda ordena suspender &#8220;toma de raz\u00f3n&#8221; de contratos que involucren traspasos de dinero estatal a fundaciones<\/p>\n\n\n\n<p>El contralor general de la Rep\u00fablica, Jorge Berm\u00fadez, ha emitido la instrucci\u00f3n de paralizar la &#8220;toma de raz\u00f3n&#8221; de todos los contratos y convenios que impliquen transferencias de fondos del Estado a fundaciones. Esta medida fue comunicada a trav\u00e9s de un correo electr\u00f3nico por Camilo Mirosevic, jefe de la Direcci\u00f3n Jur\u00eddica de la Contralor\u00eda General de la Rep\u00fablica, y se aplica a todas las divisiones regionales de la entidad.<\/p>\n\n\n\n<p>La decisi\u00f3n se produce en respuesta al caso de Democracia Viva, donde se est\u00e1n investigando presuntos delitos de fraude al Fisco y tr\u00e1fico de influencias entre la fundaci\u00f3n Democracia Viva y la Seremi de Vivienda de Antofagasta.<\/p>\n\n\n\n<p>Cabe recordar que se intentan establecer v\u00ednculos entre el director del Serviu, Carlos Contreras (quien previamente fue jefe de gabinete de la diputada Catalina P\u00e9rez), la mencionada parlamentaria y Daniel Andrade, ex pareja de P\u00e9rez y fundador y presidente de Democracia Viva. En este contexto, la fundaci\u00f3n hab\u00eda suscrito convenios por un total de $426 millones con el Serviu de la regi\u00f3n de Antofagasta, mediante un trato directo.<\/p>\n","protected":false},"excerpt":{"rendered":"Contralor\u00eda ordena suspender &#8220;toma de raz\u00f3n&#8221; de contratos que involucren traspasos de dinero estatal a fundaciones El contralor&hellip;\n","protected":false},"author":1,"featured_media":541,"comment_status":"open","ping_status":"open","sticky":false,"template":"","format":"standard","meta":{"footnotes":""},"categories":[17,12,9,11],"tags":[],"class_list":{"0":"post-540","1":"post","2":"type-post","3":"status-publish","4":"format-standard","5":"has-post-thumbnail","7":"category-actualidad","8":"category-nacional","9":"category-portada","10":"category-regional"},"_links":{"self":[{"href":"https:\/\/www.diariohiggins.cl\/portal\/wp-json\/wp\/v2\/posts\/540","targetHints":{"allow":["GET"]}}],"collection":[{"href":"https:\/\/www.diariohiggins.cl\/portal\/wp-json\/wp\/v2\/posts"}],"about":[{"href":"https:\/\/www.diariohiggins.cl\/portal\/wp-json\/wp\/v2\/types\/post"}],"author":[{"embeddable":true,"href":"https:\/\/www.diariohiggins.cl\/portal\/wp-json\/wp\/v2\/users\/1"}],"replies":[{"embeddable":true,"href":"https:\/\/www.diariohiggins.cl\/portal\/wp-json\/wp\/v2\/comments?post=540"}],"version-history":[{"count":1,"href":"https:\/\/www.diariohiggins.cl\/portal\/wp-json\/wp\/v2\/posts\/540\/revisions"}],"predecessor-version":[{"id":542,"href":"https:\/\/www.diariohiggins.cl\/portal\/wp-json\/wp\/v2\/posts\/540\/revisions\/542"}],"wp:featuredmedia":[{"embeddable":true,"href":"https:\/\/www.diariohiggins.cl\/portal\/wp-json\/wp\/v2\/media\/541"}],"wp:attachment":[{"href":"https:\/\/www.diariohiggins.cl\/portal\/wp-json\/wp\/v2\/media?parent=540"}],"wp:term":[{"taxonomy":"category","embeddable":true,"href":"https:\/\/www.diariohiggins.cl\/portal\/wp-json\/wp\/v2\/categories?post=540"},{"taxonomy":"post_tag","embeddable":true,"href":"https:\/\/www.diariohiggins.cl\/portal\/wp-json\/wp\/v2\/tags?post=540"}],"curies":[{"name":"wp","href":"https:\/\/api.w.org\/{rel}","templated":true}]}}