{"id":537,"date":"2023-06-30T15:13:03","date_gmt":"2023-06-30T15:13:03","guid":{"rendered":"https:\/\/diariohiggins.cl\/portal\/?p=537"},"modified":"2023-06-30T15:13:04","modified_gmt":"2023-06-30T15:13:04","slug":"la-gestion-de-la-secretaria-regional-ministerial-de-obras-publicas-enfrenta-severas-criticas-desencadenando-una-solicitud-para-su-dimision","status":"publish","type":"post","link":"https:\/\/www.diariohiggins.cl\/portal\/2023\/06\/30\/la-gestion-de-la-secretaria-regional-ministerial-de-obras-publicas-enfrenta-severas-criticas-desencadenando-una-solicitud-para-su-dimision\/","title":{"rendered":"La gesti\u00f3n de la Secretaria Regional Ministerial de Obras P\u00fablicas enfrenta severas cr\u00edticas, desencadenando una solicitud para su dimisi\u00f3n."},"content":{"rendered":"\n<p>El 20 de junio, los meteor\u00f3logos ya sab\u00edan que se avecinaba mal tiempo. Se esperaba que el Ministerio de Obras P\u00fablicas y Vialidad tomaran medidas preventivas, como reforzar las defensas fluviales. Sin embargo, la Secretaria Regional Ministerial (Seremi), Mar\u00eda de los \u00c1ngeles Latorre, decidi\u00f3 irse de vacaciones a Per\u00fa ese mismo d\u00eda, a pesar de estar al tanto de la situaci\u00f3n. No estuvo presente durante la emergencia, dejando a la cartera m\u00e1s importante sin direcci\u00f3n. Esto llev\u00f3 a la destrucci\u00f3n de puentes y caminos. Lennin Arroyo, Consejero Regional (CORE) de la Regi\u00f3n de O&#8217;Higgins, calific\u00f3 esta situaci\u00f3n como una verg\u00fcenza y pidi\u00f3 al Presidente Gabriel Boric que destituya a los inoperantes de su gobierno, incluyendo a Latorre.<\/p>\n\n\n\n<p>Adem\u00e1s, Arroyo se\u00f1al\u00f3 que ya hab\u00edan cuestionado a Latorre por la paralizaci\u00f3n de obras en la carretera del cobre, un trabajo ineficaz e ineficiente que cost\u00f3 m\u00e1s de dos mil millones de pesos al gobierno regional.<\/p>\n\n\n\n<p>Los alcaldes de Peumo, Do\u00f1ihue y Coltauco indicaron que los trabajos preventivos necesarios para reforzar las defensas fluviales y evitar los efectos de las crecidas de los cauces de la Regi\u00f3n de O&#8217;Higgins simplemente no se llevaron a cabo, a pesar de los numerosos oficios enviados a la Seremi del MOP. Adem\u00e1s, cuestionaron la gesti\u00f3n de la emergencia. El alcalde de Coltauco, F\u00e9lix S\u00e1nchez, expres\u00f3 su deseo de reforzar toda la ribera del r\u00edo, pero se\u00f1al\u00f3 que esta tarea corresponde a la Direcci\u00f3n de Obras Hidr\u00e1ulicas del MOP, no al municipio. S\u00e1nchez tambi\u00e9n critic\u00f3 la lentitud de la respuesta a nivel regional y la falta de direcci\u00f3n para las maquinarias privadas disponibles durante la emergencia.<\/p>\n\n\n\n<p>El gobernador regional, Pablo Silva Amaya, aport\u00f3 m\u00e1s antecedentes a los cuestionamientos a la gesti\u00f3n de Latorre en el MOP de O&#8217;Higgins. Se\u00f1al\u00f3 que hay un proyecto aprobado en el per\u00edodo 2021-2022 destinado al Ministerio de Obras P\u00fablicas para ejecutar defensas fluviales para San Fernando que no ha sido ejecutado, a pesar de estar financiado y contar con el acuerdo del CORE.<\/p>\n","protected":false},"excerpt":{"rendered":"El 20 de junio, los meteor\u00f3logos ya sab\u00edan que se avecinaba mal tiempo. Se esperaba que el Ministerio&hellip;\n","protected":false},"author":1,"featured_media":538,"comment_status":"open","ping_status":"open","sticky":false,"template":"","format":"standard","meta":{"footnotes":""},"categories":[17,9,11],"tags":[],"class_list":{"0":"post-537","1":"post","2":"type-post","3":"status-publish","4":"format-standard","5":"has-post-thumbnail","7":"category-actualidad","8":"category-portada","9":"category-regional"},"_links":{"self":[{"href":"https:\/\/www.diariohiggins.cl\/portal\/wp-json\/wp\/v2\/posts\/537","targetHints":{"allow":["GET"]}}],"collection":[{"href":"https:\/\/www.diariohiggins.cl\/portal\/wp-json\/wp\/v2\/posts"}],"about":[{"href":"https:\/\/www.diariohiggins.cl\/portal\/wp-json\/wp\/v2\/types\/post"}],"author":[{"embeddable":true,"href":"https:\/\/www.diariohiggins.cl\/portal\/wp-json\/wp\/v2\/users\/1"}],"replies":[{"embeddable":true,"href":"https:\/\/www.diariohiggins.cl\/portal\/wp-json\/wp\/v2\/comments?post=537"}],"version-history":[{"count":1,"href":"https:\/\/www.diariohiggins.cl\/portal\/wp-json\/wp\/v2\/posts\/537\/revisions"}],"predecessor-version":[{"id":539,"href":"https:\/\/www.diariohiggins.cl\/portal\/wp-json\/wp\/v2\/posts\/537\/revisions\/539"}],"wp:featuredmedia":[{"embeddable":true,"href":"https:\/\/www.diariohiggins.cl\/portal\/wp-json\/wp\/v2\/media\/538"}],"wp:attachment":[{"href":"https:\/\/www.diariohiggins.cl\/portal\/wp-json\/wp\/v2\/media?parent=537"}],"wp:term":[{"taxonomy":"category","embeddable":true,"href":"https:\/\/www.diariohiggins.cl\/portal\/wp-json\/wp\/v2\/categories?post=537"},{"taxonomy":"post_tag","embeddable":true,"href":"https:\/\/www.diariohiggins.cl\/portal\/wp-json\/wp\/v2\/tags?post=537"}],"curies":[{"name":"wp","href":"https:\/\/api.w.org\/{rel}","templated":true}]}}