{"id":534,"date":"2023-06-30T15:01:57","date_gmt":"2023-06-30T15:01:57","guid":{"rendered":"https:\/\/diariohiggins.cl\/portal\/?p=534"},"modified":"2023-06-30T15:01:59","modified_gmt":"2023-06-30T15:01:59","slug":"de-no-garantizo-con-certeza-al-respaldo-inquebrantable-a-dresdner-y-al-seremi-del-maule-el-trasfondo-del-cambio-de-postura-de-boric-en-relacion-al-caso-de-convenios","status":"publish","type":"post","link":"https:\/\/www.diariohiggins.cl\/portal\/2023\/06\/30\/de-no-garantizo-con-certeza-al-respaldo-inquebrantable-a-dresdner-y-al-seremi-del-maule-el-trasfondo-del-cambio-de-postura-de-boric-en-relacion-al-caso-de-convenios\/","title":{"rendered":"De &#8220;no garantizo con certeza&#8221; al respaldo inquebrantable a Dresdner y al Seremi del Maule: el trasfondo del cambio de postura de Boric en relaci\u00f3n al caso de convenios."},"content":{"rendered":"\n<p>El Presidente Gabriel Boric exhibi\u00f3 un notorio contraste en sus pronunciamientos con respecto al supuesto caso de corrupci\u00f3n que implica a miembros de Revoluci\u00f3n Democr\u00e1tica, este jueves.<\/p>\n\n\n\n<p>Durante su visita a la Regi\u00f3n de \u00d1uble, el mandatario fue indagado sobre los recientes datos que han salido a la luz y las nuevas l\u00edneas de investigaci\u00f3n que la Fiscal\u00eda est\u00e1 emprendiendo, y otorg\u00f3 un respaldo enf\u00e1tico a dos funcionarios de su administraci\u00f3n afectados por la controversia: la representante de Biob\u00edo, Daniela Dresdner, y el Secretario Regional Ministerial de Vivienda de El Maule, Rodrigo Hern\u00e1ndez. Esto a pesar de que el martes hab\u00eda declarado que no dar\u00eda un apoyo incondicional a nadie.<\/p>\n\n\n\n<p>Boric hizo estas nuevas declaraciones poco antes de que el Ministerio P\u00fablico inaugurara una nueva investigaci\u00f3n en El Maule en relaci\u00f3n con los acuerdos firmados por otra fundaci\u00f3n asociada a Hern\u00e1ndez: Urbanismo Social. Esto fue en respuesta a una pesquisa en Antofagasta, donde se firmaron los controvertidos acuerdos entre la fundaci\u00f3n Democracia Viva y el Servicio de Vivienda y Urbanizaci\u00f3n, a cargo de la ex pareja de la diputada Catalina P\u00e9rez, Daniel Andrade, y el dimitido secretario regional ministerial de la zona, Carlos Contreras. Adem\u00e1s, Revoluci\u00f3n Democr\u00e1tica incluy\u00f3 a la representante de Biob\u00edo en la demanda que present\u00f3 el martes ante el tribunal como una de las personas que estuvieron asociadas a Democracia Viva en alg\u00fan momento.<\/p>\n\n\n\n<p>Boric tambi\u00e9n resalt\u00f3 la directriz que ha dado a todos sus ministros para revisar acuerdos de naturaleza similar a los del caso en cuesti\u00f3n, enfatizando que \u201ces importante que podamos distinguir y no generalizar, porque cuando se presume que todos son igualmente culpables de diferentes acciones, al final, no hay responsabilidad. Por lo tanto, tengo el deber de hacer distinciones. He ejercido responsabilidad pol\u00edtica donde creo que es necesario, pero eso no significa que me someter\u00e9 a la cascada de renuncias que pide la oposici\u00f3n. En la medida que est\u00e9 convencido de irregularidades que impliquen responsabilidad pol\u00edtica, se tomar\u00e1n medidas\u201d.<\/p>\n\n\n\n<p>\u201c\u00bfQu\u00e9 se le atribuye exactamente a Daniela Dresdner? \u00bfDe qu\u00e9 se le acusa? \u00bfO en el caso del Secretario de Vivienda de El Maule?\u201d, pregunt\u00f3, a\u00f1adiendo que Hern\u00e1ndez, quien previamente fue asesor legal de Urbanismo Social, eligi\u00f3 recusarse de \u201ccualquier acuerdo con la fundaci\u00f3n para la cual hab\u00eda trabajado\u201d.<\/p>\n\n\n\n<p>\u201cNo era director ni ocupaba un puesto ejecutivo, era solo un empleado. Por lo tanto, con la informaci\u00f3n que tengo hasta ahora, si esa informaci\u00f3n cambia, obviamente, puedo reconsiderar, pero con la informaci\u00f3n que tengo, ni el Secretario de El Maule ni Daniela Dresdner tienen responsabilidades pol\u00edticas que asumir\u201d, insisti\u00f3, pidiendo poner l\u00edmites a aquellos que exigen un torrente de renuncias.<\/p>\n\n\n\n<p>\u201cEs necesario distinguir qui\u00e9nes son verdaderamente responsables y qui\u00e9nes no, porque si los agrupamos a todos juntos, la responsabilidad se diluye y eso es perjudicial para todos (\u2026). La justicia, a su vez, debe cumplir con su deber y estamos dispuestos a colabor<\/p>\n\n\n\n<p>ar y no solo dispuestos, estamos obligados a colaborar. Como Presidente de la Rep\u00fablica, me interesa que la gente conf\u00ede en las instituciones y har\u00e9 todo lo posible para mejorar esta situaci\u00f3n y evitar que los casos que han salido a la luz se repitan dentro del Estado\u201d, agreg\u00f3 el Presidente.<\/p>\n\n\n\n<p>Sus comentarios fueron objeto de cr\u00edticas por parte de algunos sectores de la coalici\u00f3n gobernante. \u201cPresidente Boric, deje de proteger a la representante de Biob\u00edo y al secretario de El Maule. Esto es un esc\u00e1ndalo de gran magnitud que ya ha dejado a dos ministros sin base para continuar. No despilfarre su capital pol\u00edtico. Permita que primero se investigue todo, como prometi\u00f3 al pa\u00eds\u201d, public\u00f3 en Twitter el senador socialista Fidel Espinoza.<\/p>\n","protected":false},"excerpt":{"rendered":"El Presidente Gabriel Boric exhibi\u00f3 un notorio contraste en sus pronunciamientos con respecto al supuesto caso de corrupci\u00f3n&hellip;\n","protected":false},"author":1,"featured_media":535,"comment_status":"open","ping_status":"open","sticky":false,"template":"","format":"standard","meta":{"footnotes":""},"categories":[17,12,9],"tags":[],"class_list":{"0":"post-534","1":"post","2":"type-post","3":"status-publish","4":"format-standard","5":"has-post-thumbnail","7":"category-actualidad","8":"category-nacional","9":"category-portada"},"_links":{"self":[{"href":"https:\/\/www.diariohiggins.cl\/portal\/wp-json\/wp\/v2\/posts\/534","targetHints":{"allow":["GET"]}}],"collection":[{"href":"https:\/\/www.diariohiggins.cl\/portal\/wp-json\/wp\/v2\/posts"}],"about":[{"href":"https:\/\/www.diariohiggins.cl\/portal\/wp-json\/wp\/v2\/types\/post"}],"author":[{"embeddable":true,"href":"https:\/\/www.diariohiggins.cl\/portal\/wp-json\/wp\/v2\/users\/1"}],"replies":[{"embeddable":true,"href":"https:\/\/www.diariohiggins.cl\/portal\/wp-json\/wp\/v2\/comments?post=534"}],"version-history":[{"count":1,"href":"https:\/\/www.diariohiggins.cl\/portal\/wp-json\/wp\/v2\/posts\/534\/revisions"}],"predecessor-version":[{"id":536,"href":"https:\/\/www.diariohiggins.cl\/portal\/wp-json\/wp\/v2\/posts\/534\/revisions\/536"}],"wp:featuredmedia":[{"embeddable":true,"href":"https:\/\/www.diariohiggins.cl\/portal\/wp-json\/wp\/v2\/media\/535"}],"wp:attachment":[{"href":"https:\/\/www.diariohiggins.cl\/portal\/wp-json\/wp\/v2\/media?parent=534"}],"wp:term":[{"taxonomy":"category","embeddable":true,"href":"https:\/\/www.diariohiggins.cl\/portal\/wp-json\/wp\/v2\/categories?post=534"},{"taxonomy":"post_tag","embeddable":true,"href":"https:\/\/www.diariohiggins.cl\/portal\/wp-json\/wp\/v2\/tags?post=534"}],"curies":[{"name":"wp","href":"https:\/\/api.w.org\/{rel}","templated":true}]}}