{"id":506,"date":"2023-06-23T06:10:54","date_gmt":"2023-06-23T06:10:54","guid":{"rendered":"https:\/\/diariohiggins.cl\/portal\/?p=506"},"modified":"2023-06-23T06:10:56","modified_gmt":"2023-06-23T06:10:56","slug":"se-ha-activado-una-nueva-alarma-sae-en-la-localidad-de-rengo-por-favor-mantengase-atento-a-las-instrucciones-de-las-autoridades-locales-y-siga-los-protocolos-de-seguridad-establecidos","status":"publish","type":"post","link":"https:\/\/www.diariohiggins.cl\/portal\/2023\/06\/23\/se-ha-activado-una-nueva-alarma-sae-en-la-localidad-de-rengo-por-favor-mantengase-atento-a-las-instrucciones-de-las-autoridades-locales-y-siga-los-protocolos-de-seguridad-establecidos\/","title":{"rendered":"Se ha activado una nueva alarma SAE en la localidad de Rengo. Por favor, mant\u00e9ngase atento a las instrucciones de las autoridades locales y siga los protocolos de seguridad establecidos."},"content":{"rendered":"\n<p>Las autoridades de SENAPRED (ex ONEMI) han emitido recientemente una alerta SAE en Rengo debido a la crecida del r\u00edo Claro. Seg\u00fan la informaci\u00f3n proporcionada, se solicita la evacuaci\u00f3n del sector Puente Mendoza hacia el oeste, debido al posible desborde del r\u00edo. Es importante seguir las indicaciones de las autoridades y tomar las medidas necesarias para garantizar la seguridad de todos los residentes en la zona afectada.<\/p>\n","protected":false},"excerpt":{"rendered":"Las autoridades de SENAPRED (ex ONEMI) han emitido recientemente una alerta SAE en Rengo debido a la crecida&hellip;\n","protected":false},"author":1,"featured_media":507,"comment_status":"open","ping_status":"open","sticky":false,"template":"","format":"standard","meta":{"footnotes":""},"categories":[17,10,9,11],"tags":[],"class_list":{"0":"post-506","1":"post","2":"type-post","3":"status-publish","4":"format-standard","5":"has-post-thumbnail","7":"category-actualidad","8":"category-comunal","9":"category-portada","10":"category-regional"},"_links":{"self":[{"href":"https:\/\/www.diariohiggins.cl\/portal\/wp-json\/wp\/v2\/posts\/506","targetHints":{"allow":["GET"]}}],"collection":[{"href":"https:\/\/www.diariohiggins.cl\/portal\/wp-json\/wp\/v2\/posts"}],"about":[{"href":"https:\/\/www.diariohiggins.cl\/portal\/wp-json\/wp\/v2\/types\/post"}],"author":[{"embeddable":true,"href":"https:\/\/www.diariohiggins.cl\/portal\/wp-json\/wp\/v2\/users\/1"}],"replies":[{"embeddable":true,"href":"https:\/\/www.diariohiggins.cl\/portal\/wp-json\/wp\/v2\/comments?post=506"}],"version-history":[{"count":1,"href":"https:\/\/www.diariohiggins.cl\/portal\/wp-json\/wp\/v2\/posts\/506\/revisions"}],"predecessor-version":[{"id":508,"href":"https:\/\/www.diariohiggins.cl\/portal\/wp-json\/wp\/v2\/posts\/506\/revisions\/508"}],"wp:featuredmedia":[{"embeddable":true,"href":"https:\/\/www.diariohiggins.cl\/portal\/wp-json\/wp\/v2\/media\/507"}],"wp:attachment":[{"href":"https:\/\/www.diariohiggins.cl\/portal\/wp-json\/wp\/v2\/media?parent=506"}],"wp:term":[{"taxonomy":"category","embeddable":true,"href":"https:\/\/www.diariohiggins.cl\/portal\/wp-json\/wp\/v2\/categories?post=506"},{"taxonomy":"post_tag","embeddable":true,"href":"https:\/\/www.diariohiggins.cl\/portal\/wp-json\/wp\/v2\/tags?post=506"}],"curies":[{"name":"wp","href":"https:\/\/api.w.org\/{rel}","templated":true}]}}