{"id":469,"date":"2023-05-07T17:03:34","date_gmt":"2023-05-07T17:03:34","guid":{"rendered":"https:\/\/diariohiggins.cl\/portal\/?p=469"},"modified":"2023-05-07T17:03:36","modified_gmt":"2023-05-07T17:03:36","slug":"general-juan-solari-lider-de-la-fuerza-regional-del-ejercito-asegura-no-se-han-registrado-problemas-de-seguridad","status":"publish","type":"post","link":"https:\/\/www.diariohiggins.cl\/portal\/2023\/05\/07\/general-juan-solari-lider-de-la-fuerza-regional-del-ejercito-asegura-no-se-han-registrado-problemas-de-seguridad\/","title":{"rendered":"General Juan Solari, l\u00edder de la Fuerza Regional del Ej\u00e9rcito, asegura: &#8220;No se han registrado problemas de seguridad&#8221;"},"content":{"rendered":"\n<p>El General Juan Solari, Jefe de la Fuerza Regional del Ej\u00e9rcito, comunic\u00f3 que, hasta el momento, no se han presentado incidentes de seguridad en los centros de votaci\u00f3n de la regi\u00f3n de O&#8217;Higgins.<\/p>\n\n\n\n<p>Solari afirm\u00f3: &#8220;Desde el viernes a las 9 de la ma\u00f1ana, asumimos el control de los 143 locales de votaci\u00f3n en la regi\u00f3n&#8221;. Aclar\u00f3 que las Fuerzas Armadas son responsables de mantener el orden p\u00fablico tanto dentro como fuera de los establecimientos de votaci\u00f3n.<\/p>\n\n\n\n<p>Adem\u00e1s, el general resalt\u00f3 la ejemplar constituci\u00f3n de todas las mesas de votaci\u00f3n en la regi\u00f3n de O&#8217;Higgins.<\/p>\n\n\n\n<p>Solari declar\u00f3: &#8220;Nos sentimos tranquilos no solo en t\u00e9rminos de seguridad, sino tambi\u00e9n al observar el fuerte esp\u00edritu c\u00edvico de nuestros compatriotas en la regi\u00f3n, quienes participan activamente en este proceso&#8221;. Tambi\u00e9n se\u00f1al\u00f3 que, aunque la afluencia de votantes fue algo lenta por la ma\u00f1ana, posiblemente debido al fr\u00edo, &#8220;con la salida del sol, hemos notado un mayor n\u00famero de personas en los locales de votaci\u00f3n&#8221;.<\/p>\n\n\n\n<p>El general enfatiz\u00f3 que sus informes confirman estas observaciones e indic\u00f3 que el Ej\u00e9rcito tiene un centro de comando en la Brigada de Aviaci\u00f3n del Ej\u00e9rcito en Rancagua, desde donde monitorean el desarrollo de la jornada electoral.<\/p>\n","protected":false},"excerpt":{"rendered":"El General Juan Solari, Jefe de la Fuerza Regional del Ej\u00e9rcito, comunic\u00f3 que, hasta el momento, no se&hellip;\n","protected":false},"author":1,"featured_media":470,"comment_status":"open","ping_status":"open","sticky":false,"template":"","format":"standard","meta":{"footnotes":""},"categories":[10,9,11],"tags":[],"class_list":{"0":"post-469","1":"post","2":"type-post","3":"status-publish","4":"format-standard","5":"has-post-thumbnail","7":"category-comunal","8":"category-portada","9":"category-regional"},"_links":{"self":[{"href":"https:\/\/www.diariohiggins.cl\/portal\/wp-json\/wp\/v2\/posts\/469","targetHints":{"allow":["GET"]}}],"collection":[{"href":"https:\/\/www.diariohiggins.cl\/portal\/wp-json\/wp\/v2\/posts"}],"about":[{"href":"https:\/\/www.diariohiggins.cl\/portal\/wp-json\/wp\/v2\/types\/post"}],"author":[{"embeddable":true,"href":"https:\/\/www.diariohiggins.cl\/portal\/wp-json\/wp\/v2\/users\/1"}],"replies":[{"embeddable":true,"href":"https:\/\/www.diariohiggins.cl\/portal\/wp-json\/wp\/v2\/comments?post=469"}],"version-history":[{"count":1,"href":"https:\/\/www.diariohiggins.cl\/portal\/wp-json\/wp\/v2\/posts\/469\/revisions"}],"predecessor-version":[{"id":471,"href":"https:\/\/www.diariohiggins.cl\/portal\/wp-json\/wp\/v2\/posts\/469\/revisions\/471"}],"wp:featuredmedia":[{"embeddable":true,"href":"https:\/\/www.diariohiggins.cl\/portal\/wp-json\/wp\/v2\/media\/470"}],"wp:attachment":[{"href":"https:\/\/www.diariohiggins.cl\/portal\/wp-json\/wp\/v2\/media?parent=469"}],"wp:term":[{"taxonomy":"category","embeddable":true,"href":"https:\/\/www.diariohiggins.cl\/portal\/wp-json\/wp\/v2\/categories?post=469"},{"taxonomy":"post_tag","embeddable":true,"href":"https:\/\/www.diariohiggins.cl\/portal\/wp-json\/wp\/v2\/tags?post=469"}],"curies":[{"name":"wp","href":"https:\/\/api.w.org\/{rel}","templated":true}]}}