{"id":447,"date":"2023-04-30T17:36:50","date_gmt":"2023-04-30T17:36:50","guid":{"rendered":"https:\/\/diariohiggins.cl\/portal\/?p=447"},"modified":"2023-04-30T17:36:51","modified_gmt":"2023-04-30T17:36:51","slug":"alcalde-de-rengo-destaca-los-logros-de-la-comuna-en-la-cuenta-publica-2022","status":"publish","type":"post","link":"https:\/\/www.diariohiggins.cl\/portal\/2023\/04\/30\/alcalde-de-rengo-destaca-los-logros-de-la-comuna-en-la-cuenta-publica-2022\/","title":{"rendered":"Alcalde de Rengo destaca los logros de la comuna en la Cuenta P\u00fablica 2022"},"content":{"rendered":"\n<p>El s\u00e1bado 29 de abril, el alcalde de la comuna de Rengo, Carlos Soto Gonz\u00e1lez, present\u00f3 la Cuenta P\u00fablica 2022. Durante la actividad, se dio a conocer la gesti\u00f3n administrativa realizada, los avances en proyectos y el detalle financiero de sus distintos departamentos municipales. La presentaci\u00f3n cont\u00f3 con la participaci\u00f3n de diferentes autoridades comunales y regionales, as\u00ed como con organizaciones deportivas que representan a la comuna, como Deportes Rengo y Lagartos Rugby Club.<\/p>\n\n\n\n<p>Seg\u00fan cifras entregadas en la Cuenta P\u00fablica, durante 2022 se produjo un super\u00e1vit municipal de $1.642.809.624, uno de los m\u00e1s altos en las \u00faltimas d\u00e9cadas. En tanto, este saldo positivo se repiti\u00f3 en Salud (250 millones de pesos de super\u00e1vit) y en Educaci\u00f3n, donde alcanz\u00f3 los $820 millones. Adem\u00e1s, se destac\u00f3 el alto porcentaje de desempe\u00f1o de la gesti\u00f3n municipal 2022, con un cumplimiento en &#8220;Calidad Gesti\u00f3n Municipal&#8221; del 91,8% y en el &#8220;Convenio Contralor\u00eda General de la Rep\u00fablica&#8221; de m\u00e1s del 94%.<\/p>\n\n\n\n<p>El edil tambi\u00e9n hizo hincapi\u00e9 en los grandes proyectos avanzados y ejecutados durante el \u00faltimo a\u00f1o. Se destinaron alrededor de 11 mil millones de pesos para m\u00e1s de 42 proyectos comunales, entre ellos, programas de mejoramiento de la infraestructura educacional y de centros deportivos. Asimismo, se realiz\u00f3 una inversi\u00f3n de $405 millones en obras de mantenci\u00f3n para los distintos recintos educacionales de la comuna. Adem\u00e1s, se anunci\u00f3 que en los pr\u00f3ximos meses comenzar\u00e1 la construcci\u00f3n de la universidad, el colector de agua lluvia, el hospital de alta complejidad y la reconstrucci\u00f3n de dos jardines infantiles.<\/p>\n","protected":false},"excerpt":{"rendered":"El s\u00e1bado 29 de abril, el alcalde de la comuna de Rengo, Carlos Soto Gonz\u00e1lez, present\u00f3 la Cuenta&hellip;\n","protected":false},"author":1,"featured_media":448,"comment_status":"open","ping_status":"open","sticky":false,"template":"","format":"standard","meta":{"footnotes":""},"categories":[17,15,9],"tags":[],"class_list":{"0":"post-447","1":"post","2":"type-post","3":"status-publish","4":"format-standard","5":"has-post-thumbnail","7":"category-actualidad","8":"category-policial","9":"category-portada"},"_links":{"self":[{"href":"https:\/\/www.diariohiggins.cl\/portal\/wp-json\/wp\/v2\/posts\/447","targetHints":{"allow":["GET"]}}],"collection":[{"href":"https:\/\/www.diariohiggins.cl\/portal\/wp-json\/wp\/v2\/posts"}],"about":[{"href":"https:\/\/www.diariohiggins.cl\/portal\/wp-json\/wp\/v2\/types\/post"}],"author":[{"embeddable":true,"href":"https:\/\/www.diariohiggins.cl\/portal\/wp-json\/wp\/v2\/users\/1"}],"replies":[{"embeddable":true,"href":"https:\/\/www.diariohiggins.cl\/portal\/wp-json\/wp\/v2\/comments?post=447"}],"version-history":[{"count":1,"href":"https:\/\/www.diariohiggins.cl\/portal\/wp-json\/wp\/v2\/posts\/447\/revisions"}],"predecessor-version":[{"id":449,"href":"https:\/\/www.diariohiggins.cl\/portal\/wp-json\/wp\/v2\/posts\/447\/revisions\/449"}],"wp:featuredmedia":[{"embeddable":true,"href":"https:\/\/www.diariohiggins.cl\/portal\/wp-json\/wp\/v2\/media\/448"}],"wp:attachment":[{"href":"https:\/\/www.diariohiggins.cl\/portal\/wp-json\/wp\/v2\/media?parent=447"}],"wp:term":[{"taxonomy":"category","embeddable":true,"href":"https:\/\/www.diariohiggins.cl\/portal\/wp-json\/wp\/v2\/categories?post=447"},{"taxonomy":"post_tag","embeddable":true,"href":"https:\/\/www.diariohiggins.cl\/portal\/wp-json\/wp\/v2\/tags?post=447"}],"curies":[{"name":"wp","href":"https:\/\/api.w.org\/{rel}","templated":true}]}}