{"id":440,"date":"2023-04-24T15:32:04","date_gmt":"2023-04-24T15:32:04","guid":{"rendered":"https:\/\/diariohiggins.cl\/portal\/?p=440"},"modified":"2023-04-24T15:32:05","modified_gmt":"2023-04-24T15:32:05","slug":"encuesta-cadem-revela-que-el-86-esta-de-acuerdo-en-cerrar-fronteras-a-nueva-inmigracion-hasta-resolver-problemas-actuales","status":"publish","type":"post","link":"https:\/\/www.diariohiggins.cl\/portal\/2023\/04\/24\/encuesta-cadem-revela-que-el-86-esta-de-acuerdo-en-cerrar-fronteras-a-nueva-inmigracion-hasta-resolver-problemas-actuales\/","title":{"rendered":"Encuesta Cadem revela que el 86% est\u00e1 de acuerdo en cerrar fronteras a nueva inmigraci\u00f3n hasta resolver problemas actuales"},"content":{"rendered":"\n<p>Una reciente encuesta realizada por Cadem revel\u00f3 que el 77% de los chilenos considera que la llegada de inmigrantes extranjeros al pa\u00eds es mala, lo que representa un aumento significativo del 21% en comparaci\u00f3n con el \u00faltimo sondeo realizado en octubre de 2021. Este resultado se presenta como el nivel m\u00e1s alto desde 2016.<\/p>\n\n\n\n<p>En cuanto a las razones detr\u00e1s de la llegada de los inmigrantes, el 44% de los consultados cree que la crisis econ\u00f3mica en el pa\u00eds de origen es la principal causa, seguido por un 36% que piensa que se debe a las oportunidades laborales y la calidad de vida en Chile.<\/p>\n\n\n\n<p>La encuesta tambi\u00e9n revel\u00f3 que un 86% de los encuestados considera que se deben implementar mayores restricciones a la inmigraci\u00f3n, mientras que un 73% cree que aquellos que han ingresado de manera irregular al pa\u00eds debiesen ser expulsados.<\/p>\n\n\n\n<p>Adem\u00e1s, un 87% est\u00e1 de acuerdo con que los inmigrantes detenidos sin RUT o papeles al d\u00eda sean detenidos, mientras que un 86% est\u00e1 a favor de cerrar las fronteras a la nueva inmigraci\u00f3n hasta resolver los problemas actuales.<\/p>\n\n\n\n<p>En cuanto a la discriminaci\u00f3n hacia los inmigrantes, un 59% de los encuestados cree que los chilenos son m\u00e1s discriminadores hacia los inmigrantes.<\/p>\n","protected":false},"excerpt":{"rendered":"Una reciente encuesta realizada por Cadem revel\u00f3 que el 77% de los chilenos considera que la llegada de&hellip;\n","protected":false},"author":1,"featured_media":441,"comment_status":"open","ping_status":"open","sticky":false,"template":"","format":"standard","meta":{"footnotes":""},"categories":[17,12,9],"tags":[],"class_list":{"0":"post-440","1":"post","2":"type-post","3":"status-publish","4":"format-standard","5":"has-post-thumbnail","7":"category-actualidad","8":"category-nacional","9":"category-portada"},"_links":{"self":[{"href":"https:\/\/www.diariohiggins.cl\/portal\/wp-json\/wp\/v2\/posts\/440","targetHints":{"allow":["GET"]}}],"collection":[{"href":"https:\/\/www.diariohiggins.cl\/portal\/wp-json\/wp\/v2\/posts"}],"about":[{"href":"https:\/\/www.diariohiggins.cl\/portal\/wp-json\/wp\/v2\/types\/post"}],"author":[{"embeddable":true,"href":"https:\/\/www.diariohiggins.cl\/portal\/wp-json\/wp\/v2\/users\/1"}],"replies":[{"embeddable":true,"href":"https:\/\/www.diariohiggins.cl\/portal\/wp-json\/wp\/v2\/comments?post=440"}],"version-history":[{"count":1,"href":"https:\/\/www.diariohiggins.cl\/portal\/wp-json\/wp\/v2\/posts\/440\/revisions"}],"predecessor-version":[{"id":442,"href":"https:\/\/www.diariohiggins.cl\/portal\/wp-json\/wp\/v2\/posts\/440\/revisions\/442"}],"wp:featuredmedia":[{"embeddable":true,"href":"https:\/\/www.diariohiggins.cl\/portal\/wp-json\/wp\/v2\/media\/441"}],"wp:attachment":[{"href":"https:\/\/www.diariohiggins.cl\/portal\/wp-json\/wp\/v2\/media?parent=440"}],"wp:term":[{"taxonomy":"category","embeddable":true,"href":"https:\/\/www.diariohiggins.cl\/portal\/wp-json\/wp\/v2\/categories?post=440"},{"taxonomy":"post_tag","embeddable":true,"href":"https:\/\/www.diariohiggins.cl\/portal\/wp-json\/wp\/v2\/tags?post=440"}],"curies":[{"name":"wp","href":"https:\/\/api.w.org\/{rel}","templated":true}]}}