{"id":428,"date":"2023-04-20T03:32:45","date_gmt":"2023-04-20T03:32:45","guid":{"rendered":"https:\/\/diariohiggins.cl\/portal\/?p=428"},"modified":"2023-04-20T03:32:45","modified_gmt":"2023-04-20T03:32:45","slug":"senador-elizalde-se-perfila-como-nuevo-secretario-general-de-la-presidencia","status":"publish","type":"post","link":"https:\/\/www.diariohiggins.cl\/portal\/2023\/04\/20\/senador-elizalde-se-perfila-como-nuevo-secretario-general-de-la-presidencia\/","title":{"rendered":"Senador Elizalde se perfila como nuevo Secretario General de la Presidencia"},"content":{"rendered":"\n<p>Seg\u00fan fuentes de la prensa capitalina, el presidente Gabriel Boric habr\u00eda propuesto al senador socialista \u00c1lvaro Elizalde para asumir el cargo de Secretario General de la Presidencia en reemplazo de Ana L\u00eda Uriarte, quien ha estado alejada de su cargo debido a problemas de salud. Este cambio se producir\u00eda en un momento clave para el gobierno, ya que se est\u00e1n tramitando importantes proyectos de ley en el Congreso.<\/p>\n\n\n\n<p>Se espera que en las pr\u00f3ximas horas se haga oficial el anuncio del cambio en la Secretar\u00eda General de la Presidencia, lo que adem\u00e1s genera la interrogante sobre qui\u00e9n reemplazar\u00e1 a Elizalde en su esca\u00f1o en el Senado. La figura del senador por la regi\u00f3n del Maule ha sido destacada por su experiencia pol\u00edtica y su trabajo en temas de derechos humanos, por lo que su eventual llegada a la Segpres ser\u00eda vista como un importante aporte al gobierno de Boric.<\/p>\n","protected":false},"excerpt":{"rendered":"Seg\u00fan fuentes de la prensa capitalina, el presidente Gabriel Boric habr\u00eda propuesto al senador socialista \u00c1lvaro Elizalde para&hellip;\n","protected":false},"author":1,"featured_media":429,"comment_status":"open","ping_status":"open","sticky":false,"template":"","format":"standard","meta":{"footnotes":""},"categories":[17,12,9],"tags":[],"class_list":{"0":"post-428","1":"post","2":"type-post","3":"status-publish","4":"format-standard","5":"has-post-thumbnail","7":"category-actualidad","8":"category-nacional","9":"category-portada"},"_links":{"self":[{"href":"https:\/\/www.diariohiggins.cl\/portal\/wp-json\/wp\/v2\/posts\/428","targetHints":{"allow":["GET"]}}],"collection":[{"href":"https:\/\/www.diariohiggins.cl\/portal\/wp-json\/wp\/v2\/posts"}],"about":[{"href":"https:\/\/www.diariohiggins.cl\/portal\/wp-json\/wp\/v2\/types\/post"}],"author":[{"embeddable":true,"href":"https:\/\/www.diariohiggins.cl\/portal\/wp-json\/wp\/v2\/users\/1"}],"replies":[{"embeddable":true,"href":"https:\/\/www.diariohiggins.cl\/portal\/wp-json\/wp\/v2\/comments?post=428"}],"version-history":[{"count":1,"href":"https:\/\/www.diariohiggins.cl\/portal\/wp-json\/wp\/v2\/posts\/428\/revisions"}],"predecessor-version":[{"id":430,"href":"https:\/\/www.diariohiggins.cl\/portal\/wp-json\/wp\/v2\/posts\/428\/revisions\/430"}],"wp:featuredmedia":[{"embeddable":true,"href":"https:\/\/www.diariohiggins.cl\/portal\/wp-json\/wp\/v2\/media\/429"}],"wp:attachment":[{"href":"https:\/\/www.diariohiggins.cl\/portal\/wp-json\/wp\/v2\/media?parent=428"}],"wp:term":[{"taxonomy":"category","embeddable":true,"href":"https:\/\/www.diariohiggins.cl\/portal\/wp-json\/wp\/v2\/categories?post=428"},{"taxonomy":"post_tag","embeddable":true,"href":"https:\/\/www.diariohiggins.cl\/portal\/wp-json\/wp\/v2\/tags?post=428"}],"curies":[{"name":"wp","href":"https:\/\/api.w.org\/{rel}","templated":true}]}}