{"id":423,"date":"2023-04-20T03:28:28","date_gmt":"2023-04-20T03:28:28","guid":{"rendered":"https:\/\/diariohiggins.cl\/portal\/?p=423"},"modified":"2023-04-20T03:28:29","modified_gmt":"2023-04-20T03:28:29","slug":"en-rancagua-el-colegio-medico-se-une-a-la-campana-vacunate-con-la-dupla-ahora-para-incentivar-la-vacunacion-contra-el-covid-19","status":"publish","type":"post","link":"https:\/\/www.diariohiggins.cl\/portal\/2023\/04\/20\/en-rancagua-el-colegio-medico-se-une-a-la-campana-vacunate-con-la-dupla-ahora-para-incentivar-la-vacunacion-contra-el-covid-19\/","title":{"rendered":"En Rancagua, el Colegio M\u00e9dico se une a la campa\u00f1a &#8220;Vac\u00fanate con la Dupla Ahora&#8221; para incentivar la vacunaci\u00f3n contra el Covid-19"},"content":{"rendered":"\n<p>En la sede del Colegio M\u00e9dico de Rancagua se llev\u00f3 a cabo una campa\u00f1a de vacunaci\u00f3n en la que se sumaron a la iniciativa \u201cVac\u00fanate con la dupla ahora\u201d. El objetivo de esta campa\u00f1a es potenciar la inmunizaci\u00f3n contra la Covid-19 e Influenza en los grupos prioritarios. Durante la jornada se realizaron m\u00e1s de 100 inoculaciones y se espera que el trabajo conjunto permita aumentar las coberturas de vacunaci\u00f3n.<\/p>\n\n\n\n<p>La seremi de Salud, Dra. Carolina Torres, destac\u00f3 la importancia de acceder a esta prestaci\u00f3n lo m\u00e1s temprano posible, con el fin de fortalecer el sistema inmune antes de que lleguen las bajas temperaturas y la mayor circulaci\u00f3n viral. Por su parte, la Presidenta del Colegio M\u00e9dico de Rancagua, la Dra. Leisli Salvatierra, manifest\u00f3 su satisfacci\u00f3n por el trabajo en conjunto y llam\u00f3 a seguir adelante con esta campa\u00f1a para estar protegidos durante el invierno.<\/p>\n","protected":false},"excerpt":{"rendered":"En la sede del Colegio M\u00e9dico de Rancagua se llev\u00f3 a cabo una campa\u00f1a de vacunaci\u00f3n en la&hellip;\n","protected":false},"author":1,"featured_media":426,"comment_status":"open","ping_status":"open","sticky":false,"template":"","format":"standard","meta":{"footnotes":""},"categories":[17,10,9,11],"tags":[],"class_list":{"0":"post-423","1":"post","2":"type-post","3":"status-publish","4":"format-standard","5":"has-post-thumbnail","7":"category-actualidad","8":"category-comunal","9":"category-portada","10":"category-regional"},"_links":{"self":[{"href":"https:\/\/www.diariohiggins.cl\/portal\/wp-json\/wp\/v2\/posts\/423","targetHints":{"allow":["GET"]}}],"collection":[{"href":"https:\/\/www.diariohiggins.cl\/portal\/wp-json\/wp\/v2\/posts"}],"about":[{"href":"https:\/\/www.diariohiggins.cl\/portal\/wp-json\/wp\/v2\/types\/post"}],"author":[{"embeddable":true,"href":"https:\/\/www.diariohiggins.cl\/portal\/wp-json\/wp\/v2\/users\/1"}],"replies":[{"embeddable":true,"href":"https:\/\/www.diariohiggins.cl\/portal\/wp-json\/wp\/v2\/comments?post=423"}],"version-history":[{"count":1,"href":"https:\/\/www.diariohiggins.cl\/portal\/wp-json\/wp\/v2\/posts\/423\/revisions"}],"predecessor-version":[{"id":427,"href":"https:\/\/www.diariohiggins.cl\/portal\/wp-json\/wp\/v2\/posts\/423\/revisions\/427"}],"wp:featuredmedia":[{"embeddable":true,"href":"https:\/\/www.diariohiggins.cl\/portal\/wp-json\/wp\/v2\/media\/426"}],"wp:attachment":[{"href":"https:\/\/www.diariohiggins.cl\/portal\/wp-json\/wp\/v2\/media?parent=423"}],"wp:term":[{"taxonomy":"category","embeddable":true,"href":"https:\/\/www.diariohiggins.cl\/portal\/wp-json\/wp\/v2\/categories?post=423"},{"taxonomy":"post_tag","embeddable":true,"href":"https:\/\/www.diariohiggins.cl\/portal\/wp-json\/wp\/v2\/tags?post=423"}],"curies":[{"name":"wp","href":"https:\/\/api.w.org\/{rel}","templated":true}]}}