{"id":415,"date":"2023-04-19T02:39:35","date_gmt":"2023-04-19T02:39:35","guid":{"rendered":"https:\/\/diariohiggins.cl\/portal\/?p=415"},"modified":"2023-04-19T02:39:35","modified_gmt":"2023-04-19T02:39:35","slug":"hombre-pierde-la-vida-tras-ser-baleado-con-una-escopeta-en-san-fernando","status":"publish","type":"post","link":"https:\/\/www.diariohiggins.cl\/portal\/2023\/04\/19\/hombre-pierde-la-vida-tras-ser-baleado-con-una-escopeta-en-san-fernando\/","title":{"rendered":"Hombre pierde la vida tras ser baleado con una escopeta en San Fernando"},"content":{"rendered":"\n<p>Tragedia en San Fernando: Hombre de 42 a\u00f1os es asesinado de un disparo de escopeta<\/p>\n\n\n\n<p>En la madrugada de este lunes, un hombre de 42 a\u00f1os recibi\u00f3 un disparo de escopeta en el sector Polonia de la comuna de San Fernando, lo que le provoc\u00f3 la muerte. La Brigada de Homicidios de Rancagua en compa\u00f1\u00eda de peritos del Laboratorio de Criminal\u00edstica (LACRIM) se trasladaron hasta el Hospital de San Fernando, donde se encontraba el cuerpo.<\/p>\n\n\n\n<p>Tras el examen externo realizado al cad\u00e1ver, la PDI determin\u00f3 que presentaba lesiones en sus t\u00f3rax atribuibles a un disparo de escopeta. La polic\u00eda se traslad\u00f3 hasta la vivienda de la familia de la v\u00edctima, en la localidad de Polonia, para investigar el lugar donde habr\u00eda sido atacado.<\/p>\n\n\n\n<p>Actualmente, la PDI se encuentra efectuando las indagatorias necesarias para establecer la din\u00e1mica del hecho, las motivaciones del ataque e identidad de los involucrados en el homicidio.<\/p>\n","protected":false},"excerpt":{"rendered":"Tragedia en San Fernando: Hombre de 42 a\u00f1os es asesinado de un disparo de escopeta En la madrugada&hellip;\n","protected":false},"author":1,"featured_media":417,"comment_status":"open","ping_status":"open","sticky":false,"template":"","format":"standard","meta":{"footnotes":""},"categories":[17,10,15,9,11],"tags":[],"class_list":{"0":"post-415","1":"post","2":"type-post","3":"status-publish","4":"format-standard","5":"has-post-thumbnail","7":"category-actualidad","8":"category-comunal","9":"category-policial","10":"category-portada","11":"category-regional"},"_links":{"self":[{"href":"https:\/\/www.diariohiggins.cl\/portal\/wp-json\/wp\/v2\/posts\/415","targetHints":{"allow":["GET"]}}],"collection":[{"href":"https:\/\/www.diariohiggins.cl\/portal\/wp-json\/wp\/v2\/posts"}],"about":[{"href":"https:\/\/www.diariohiggins.cl\/portal\/wp-json\/wp\/v2\/types\/post"}],"author":[{"embeddable":true,"href":"https:\/\/www.diariohiggins.cl\/portal\/wp-json\/wp\/v2\/users\/1"}],"replies":[{"embeddable":true,"href":"https:\/\/www.diariohiggins.cl\/portal\/wp-json\/wp\/v2\/comments?post=415"}],"version-history":[{"count":1,"href":"https:\/\/www.diariohiggins.cl\/portal\/wp-json\/wp\/v2\/posts\/415\/revisions"}],"predecessor-version":[{"id":418,"href":"https:\/\/www.diariohiggins.cl\/portal\/wp-json\/wp\/v2\/posts\/415\/revisions\/418"}],"wp:featuredmedia":[{"embeddable":true,"href":"https:\/\/www.diariohiggins.cl\/portal\/wp-json\/wp\/v2\/media\/417"}],"wp:attachment":[{"href":"https:\/\/www.diariohiggins.cl\/portal\/wp-json\/wp\/v2\/media?parent=415"}],"wp:term":[{"taxonomy":"category","embeddable":true,"href":"https:\/\/www.diariohiggins.cl\/portal\/wp-json\/wp\/v2\/categories?post=415"},{"taxonomy":"post_tag","embeddable":true,"href":"https:\/\/www.diariohiggins.cl\/portal\/wp-json\/wp\/v2\/tags?post=415"}],"curies":[{"name":"wp","href":"https:\/\/api.w.org\/{rel}","templated":true}]}}