{"id":412,"date":"2023-04-19T02:29:30","date_gmt":"2023-04-19T02:29:30","guid":{"rendered":"https:\/\/diariohiggins.cl\/portal\/?p=412"},"modified":"2023-04-19T02:29:32","modified_gmt":"2023-04-19T02:29:32","slug":"polemica-en-el-congreso-diputados-aprueban-ley-de-control-policial-migratorio-tras-intensos-debates","status":"publish","type":"post","link":"https:\/\/www.diariohiggins.cl\/portal\/2023\/04\/19\/polemica-en-el-congreso-diputados-aprueban-ley-de-control-policial-migratorio-tras-intensos-debates\/","title":{"rendered":"\u00a1Pol\u00e9mica en el Congreso! Diputados aprueban ley de control policial migratorio tras intensos debates."},"content":{"rendered":"\n<p>Esta semana la oposici\u00f3n ha lanzado una ofensiva en materia migratoria, presionando al gobierno para que se pronuncie sobre la idea de penalizar el ingreso irregular al pa\u00eds. Aunque el director de Migraciones, Luis Thayer, ha indicado que el Ejecutivo est\u00e1 abierto a sancionar faltas graves en esta materia, advirti\u00f3 que la penalizaci\u00f3n tambi\u00e9n podr\u00eda afectar los procesos de reconducci\u00f3n, sobrecargando el Ministerio P\u00fablico, especialmente en las regiones del norte y al sistema penal completo.<\/p>\n\n\n\n<p>Entre las propuestas que se han presentado, destaca la idea de habilitar &#8220;Centros de Detenci\u00f3n Provisoria&#8221; para albergar a los migrantes con ingreso irregular. Este martes, en una tensa sesi\u00f3n en Sala, los diputados abordaron el proyecto de reforma constitucional iniciado en moci\u00f3n, que modifica la Carta Fundamental en materia de regulaci\u00f3n migratoria. La enmienda necesitaba el voto favorable de 89 legisladores, y se aprob\u00f3 con 120 votos a favor, tres en contra y 13 abstenciones, principalmente de la bancada del Partido Comunista.<\/p>\n\n\n\n<p>Adem\u00e1s, la sala respald\u00f3 las modificaciones del Senado en el proyecto que modifica la ley que ampl\u00eda las facultades de control policial para aplicar las medidas establecidas en la Ley de Migraci\u00f3n y Extranjer\u00eda. En un tercer y \u00faltimo tr\u00e1mite, el proyecto fue aprobado por 84 votos a favor, 44 en contra y cinco abstenciones. La sesi\u00f3n estuvo marcada por un ambiente tenso y controversial, pero finalmente se logr\u00f3 avanzar en la materia de regulaci\u00f3n migratoria en el pa\u00eds<\/p>\n","protected":false},"excerpt":{"rendered":"Esta semana la oposici\u00f3n ha lanzado una ofensiva en materia migratoria, presionando al gobierno para que se pronuncie&hellip;\n","protected":false},"author":1,"featured_media":413,"comment_status":"open","ping_status":"open","sticky":false,"template":"","format":"standard","meta":{"footnotes":""},"categories":[17,12,9],"tags":[],"class_list":{"0":"post-412","1":"post","2":"type-post","3":"status-publish","4":"format-standard","5":"has-post-thumbnail","7":"category-actualidad","8":"category-nacional","9":"category-portada"},"_links":{"self":[{"href":"https:\/\/www.diariohiggins.cl\/portal\/wp-json\/wp\/v2\/posts\/412","targetHints":{"allow":["GET"]}}],"collection":[{"href":"https:\/\/www.diariohiggins.cl\/portal\/wp-json\/wp\/v2\/posts"}],"about":[{"href":"https:\/\/www.diariohiggins.cl\/portal\/wp-json\/wp\/v2\/types\/post"}],"author":[{"embeddable":true,"href":"https:\/\/www.diariohiggins.cl\/portal\/wp-json\/wp\/v2\/users\/1"}],"replies":[{"embeddable":true,"href":"https:\/\/www.diariohiggins.cl\/portal\/wp-json\/wp\/v2\/comments?post=412"}],"version-history":[{"count":1,"href":"https:\/\/www.diariohiggins.cl\/portal\/wp-json\/wp\/v2\/posts\/412\/revisions"}],"predecessor-version":[{"id":414,"href":"https:\/\/www.diariohiggins.cl\/portal\/wp-json\/wp\/v2\/posts\/412\/revisions\/414"}],"wp:featuredmedia":[{"embeddable":true,"href":"https:\/\/www.diariohiggins.cl\/portal\/wp-json\/wp\/v2\/media\/413"}],"wp:attachment":[{"href":"https:\/\/www.diariohiggins.cl\/portal\/wp-json\/wp\/v2\/media?parent=412"}],"wp:term":[{"taxonomy":"category","embeddable":true,"href":"https:\/\/www.diariohiggins.cl\/portal\/wp-json\/wp\/v2\/categories?post=412"},{"taxonomy":"post_tag","embeddable":true,"href":"https:\/\/www.diariohiggins.cl\/portal\/wp-json\/wp\/v2\/tags?post=412"}],"curies":[{"name":"wp","href":"https:\/\/api.w.org\/{rel}","templated":true}]}}