{"id":409,"date":"2023-04-17T17:10:50","date_gmt":"2023-04-17T17:10:50","guid":{"rendered":"https:\/\/diariohiggins.cl\/portal\/?p=409"},"modified":"2023-04-17T17:10:52","modified_gmt":"2023-04-17T17:10:52","slug":"sorpresa-en-osorno-reos-que-se-fugaron-de-carcel-son-atrapados-robando-en-tienda","status":"publish","type":"post","link":"https:\/\/www.diariohiggins.cl\/portal\/2023\/04\/17\/sorpresa-en-osorno-reos-que-se-fugaron-de-carcel-son-atrapados-robando-en-tienda\/","title":{"rendered":"\u00a1Sorpresa en Osorno! Reos que se fugaron de c\u00e1rcel son atrapados robando en tienda"},"content":{"rendered":"\n<p>Impactante robo en tienda WOM! Tres sujetos son detenidos, dos de ellos son reos fugados de la c\u00e1rcel de Osorno&#8221;<\/p>\n\n\n\n<p>La polic\u00eda inform\u00f3 que dos de los tres sujetos que fueron detenidos por el robo a una tienda de la compa\u00f1\u00eda telef\u00f3nica WOM en Temuco la semana pasada, corresponden a reos que se fugaron de la c\u00e1rcel de Osorno. Seg\u00fan las v\u00edctimas, los delincuentes utilizaron un arma de fuego, la cual fue hallada en el lugar del delito. Afortunadamente, no se reportaron heridos en el incidente.<\/p>\n\n\n\n<p>Seg\u00fan los efectivos policiales y la fiscal\u00eda, los carabineros se trasladaron al lugar despu\u00e9s de recibir una denuncia de robo con violencia. Al llegar al local, los uniformados encontraron a cinco trabajadores atados de manos y tres sujetos con la cara descubierta robando diversos celulares. Los delincuentes intentaron huir, pero finalmente fueron detenidos.<\/p>\n\n\n\n<p>Los dos reos fugados de la c\u00e1rcel de Osorno que fueron capturados son Rafael Antonio Rojo Rivera, quien tiene antecedentes por diferentes delitos de mayor connotaci\u00f3n social y una orden de detenci\u00f3n vigente por robo con intimidaci\u00f3n, y Juan Carlos Riquelme S\u00e1ez, quien tiene antecedentes penales por diferentes delitos de mayor connotaci\u00f3n social y cuatro \u00f3rdenes de detenci\u00f3n. El tercer detenido es Jordan Alejandro Riquelme S\u00e1ez, quien tambi\u00e9n tiene antecedentes por diferentes delitos de mayor connotaci\u00f3n social.<\/p>\n","protected":false},"excerpt":{"rendered":"Impactante robo en tienda WOM! Tres sujetos son detenidos, dos de ellos son reos fugados de la c\u00e1rcel&hellip;\n","protected":false},"author":1,"featured_media":410,"comment_status":"open","ping_status":"open","sticky":false,"template":"","format":"standard","meta":{"footnotes":""},"categories":[15,9],"tags":[],"class_list":{"0":"post-409","1":"post","2":"type-post","3":"status-publish","4":"format-standard","5":"has-post-thumbnail","7":"category-policial","8":"category-portada"},"_links":{"self":[{"href":"https:\/\/www.diariohiggins.cl\/portal\/wp-json\/wp\/v2\/posts\/409","targetHints":{"allow":["GET"]}}],"collection":[{"href":"https:\/\/www.diariohiggins.cl\/portal\/wp-json\/wp\/v2\/posts"}],"about":[{"href":"https:\/\/www.diariohiggins.cl\/portal\/wp-json\/wp\/v2\/types\/post"}],"author":[{"embeddable":true,"href":"https:\/\/www.diariohiggins.cl\/portal\/wp-json\/wp\/v2\/users\/1"}],"replies":[{"embeddable":true,"href":"https:\/\/www.diariohiggins.cl\/portal\/wp-json\/wp\/v2\/comments?post=409"}],"version-history":[{"count":1,"href":"https:\/\/www.diariohiggins.cl\/portal\/wp-json\/wp\/v2\/posts\/409\/revisions"}],"predecessor-version":[{"id":411,"href":"https:\/\/www.diariohiggins.cl\/portal\/wp-json\/wp\/v2\/posts\/409\/revisions\/411"}],"wp:featuredmedia":[{"embeddable":true,"href":"https:\/\/www.diariohiggins.cl\/portal\/wp-json\/wp\/v2\/media\/410"}],"wp:attachment":[{"href":"https:\/\/www.diariohiggins.cl\/portal\/wp-json\/wp\/v2\/media?parent=409"}],"wp:term":[{"taxonomy":"category","embeddable":true,"href":"https:\/\/www.diariohiggins.cl\/portal\/wp-json\/wp\/v2\/categories?post=409"},{"taxonomy":"post_tag","embeddable":true,"href":"https:\/\/www.diariohiggins.cl\/portal\/wp-json\/wp\/v2\/tags?post=409"}],"curies":[{"name":"wp","href":"https:\/\/api.w.org\/{rel}","templated":true}]}}