{"id":406,"date":"2023-04-17T12:25:30","date_gmt":"2023-04-17T12:25:30","guid":{"rendered":"https:\/\/diariohiggins.cl\/portal\/?p=406"},"modified":"2023-04-17T12:25:31","modified_gmt":"2023-04-17T12:25:31","slug":"subcomision-presidida-por-bienes-nacionales-define-ejes-prioritarios-de-trabajo-en-borde-costero-y-fijacion-de-accesos-en-playas-de-la-region-de-ohiggins-para-este-ano","status":"publish","type":"post","link":"https:\/\/www.diariohiggins.cl\/portal\/2023\/04\/17\/subcomision-presidida-por-bienes-nacionales-define-ejes-prioritarios-de-trabajo-en-borde-costero-y-fijacion-de-accesos-en-playas-de-la-region-de-ohiggins-para-este-ano\/","title":{"rendered":"Subcomisi\u00f3n presidida por Bienes Nacionales define ejes prioritarios de trabajo en borde costero y fijaci\u00f3n de accesos en playas de la regi\u00f3n de O\u2019Higgins para este a\u00f1o"},"content":{"rendered":"\n<p>Velar y garantizar el derecho a acceder a playas de mar, r\u00edos y lagos es una tarea permanente que el ministerio de Bienes Nacionales impulsa en todo el pa\u00eds, labor que a nivel regional se ha intensificado a trav\u00e9s de la Subcomisi\u00f3n de acceso a playas, mesa de trabajo presidida por el Seremi de la cartera, Eduardo Gonz\u00e1lez, y el Delegado Presidencial Provincial de Cardenal Caro, Carlos Cisterna.<\/p>\n\n\n\n<p>En su primera sesi\u00f3n del a\u00f1o, la instancia convoc\u00f3 a diversas autoridades locales vinculadas al \u00e1rea, representantes de la Armada, dirigentes sociales y la organizaci\u00f3n Playa Para Todos O\u2019Higgins, junto a quienes se revisaron los avances de las tareas realizadas el 2022 en materia de borde costero, definiendo adem\u00e1s importantes ejes de acci\u00f3n para el per\u00edodo en curso, priorizando nuevas v\u00edas de acceso en sectores ubicados en las comunas de Pichilemu, Navidad y Paredones.<\/p>\n\n\n\n<p>\u201cEn una primera instancia hemos realizado un balance del a\u00f1o pasado y las acciones ejecutadas desde el trabajo en terreno, revisando las v\u00edas y elaborando las planimetr\u00edas e informes t\u00e9cnicos (\u2026) Tambi\u00e9n hemos trazado importantes desaf\u00edos para fijar nuevos accesos de playas identificadas y priorizadas en la Vega de Pupuya, Mar Azul, Punta de Lobos, La Pancora, Caleta Puertecillo, Las Trancas, La Lancha, La Sirena, El Choco y Bucarruca\u201d, precis\u00f3 el SEREMI Eduardo Gonz\u00e1lez.<\/p>\n\n\n\n<p>La autoridad regional de la cartera, agreg\u00f3 que \u201cesta acci\u00f3n nos permite avanzar de manera colaborativa, por ejemplo, en materia de los Juegos Panamericanos en Punta de Lobos, con el fin de poder garantizar que, en esta gran cita deportiva que tendr\u00e1 lugar en octubre de este a\u00f1o, toda la ciudadan\u00eda y deportistas tengan asegurados el uso y goce de este sector que ser\u00e1 subsede en las competencias de surf, tal como nos ha mandatado la ministra Javiera Toro y el presidente Boric\u201d.<\/p>\n\n\n\n<p>Por su parte el Delegado Presidencial Provincial de Cardenal Caro, Carlos Cisterna, recalc\u00f3 que \u201cen Chile no existen playas privadas, pues &nbsp;les pertenecen a todas las personas, derecho que como Estado, tenemos el deber de garantizar, por ello, respecto al a\u00f1o 2023, hemos realizado en conjunto con Bienes Nacionales, una planificaci\u00f3n co-creada con propietarios colindantes, organizaciones ligadas a la pesca, recolecci\u00f3n de orilla, entre otros actores, a fin de establecer las prioridades y campo de acci\u00f3n, y en este \u00e1mbito, destacar que ya hicimos el acto administrativo de fijaci\u00f3n de acceso de la Playa Las Cruces, en la comuna de Paredones\u201d.<\/p>\n\n\n\n<p><strong>Resguardo y \u00e1reas productivas en accesos a playas<\/strong><\/p>\n\n\n\n<p>Complementando el eje de trabajo en nuevas v\u00edas de acceso para este 2023, se suman tambi\u00e9n materias de turismo y cuidado del entorno, resguardando a su vez la labor productiva de pescadores y recolectores de orilla, quienes disponen hist\u00f3ricamente all\u00ed sus \u00e1reas de manejo y cultivo.<\/p>\n\n\n\n<p>\u201cHemos definido, con el apoyo de los servicios de Conaf, Sernatur, Sernapesca y de la Seremi de Econom\u00eda, generar accesos seguros a las playas desde el punto de vista del ecosistema boscoso que cohabita en esas zonas, aportando se\u00f1al\u00e9ticas de cuidado ante incendios forestales; y a su vez con la educaci\u00f3n y promoci\u00f3n del turismo responsable, desde la excursi\u00f3n, toda vez que estas playas no est\u00e1n constituidas como balnearios, sino como bordes costeros extensos, donde tambi\u00e9n conviven rubros de pesca y recolecci\u00f3n, que son fundamentales proteger para que no vean afectada su producci\u00f3n\u201d, indic\u00f3 el SEREMI Gonz\u00e1lez.<\/p>\n\n\n\n<p>As\u00ed se plante\u00f3 la creaci\u00f3n de un sistema catastral de pescadores y recolectores, para que quienes cuenten con la inscripci\u00f3n en este registro, puedan tener uso exclusivo de extracci\u00f3n y trabajo protegido en dichos sectores, preservando el territorio y promoviendo sus actividades.<\/p>\n\n\n\n<p>Compromisos que se constituyen en la agenda del a\u00f1o definida por esta subcomisi\u00f3n de acceso a playas, enmarcada en la Comisi\u00f3n de Uso Regional de Borde Costero (CRUBC), y que proyecta nuevas sesiones de trabajo, durante las pr\u00f3ximas semanas junto a las entidades que la conforman, a fin avanzar en la libre y correcta disposici\u00f3n de las playas, como bienes nacionales de uso p\u00fablico.<\/p>\n","protected":false},"excerpt":{"rendered":"Velar y garantizar el derecho a acceder a playas de mar, r\u00edos y lagos es una tarea permanente&hellip;\n","protected":false},"author":1,"featured_media":407,"comment_status":"open","ping_status":"open","sticky":false,"template":"","format":"standard","meta":{"footnotes":""},"categories":[17,10,9,11],"tags":[],"class_list":{"0":"post-406","1":"post","2":"type-post","3":"status-publish","4":"format-standard","5":"has-post-thumbnail","7":"category-actualidad","8":"category-comunal","9":"category-portada","10":"category-regional"},"_links":{"self":[{"href":"https:\/\/www.diariohiggins.cl\/portal\/wp-json\/wp\/v2\/posts\/406","targetHints":{"allow":["GET"]}}],"collection":[{"href":"https:\/\/www.diariohiggins.cl\/portal\/wp-json\/wp\/v2\/posts"}],"about":[{"href":"https:\/\/www.diariohiggins.cl\/portal\/wp-json\/wp\/v2\/types\/post"}],"author":[{"embeddable":true,"href":"https:\/\/www.diariohiggins.cl\/portal\/wp-json\/wp\/v2\/users\/1"}],"replies":[{"embeddable":true,"href":"https:\/\/www.diariohiggins.cl\/portal\/wp-json\/wp\/v2\/comments?post=406"}],"version-history":[{"count":1,"href":"https:\/\/www.diariohiggins.cl\/portal\/wp-json\/wp\/v2\/posts\/406\/revisions"}],"predecessor-version":[{"id":408,"href":"https:\/\/www.diariohiggins.cl\/portal\/wp-json\/wp\/v2\/posts\/406\/revisions\/408"}],"wp:featuredmedia":[{"embeddable":true,"href":"https:\/\/www.diariohiggins.cl\/portal\/wp-json\/wp\/v2\/media\/407"}],"wp:attachment":[{"href":"https:\/\/www.diariohiggins.cl\/portal\/wp-json\/wp\/v2\/media?parent=406"}],"wp:term":[{"taxonomy":"category","embeddable":true,"href":"https:\/\/www.diariohiggins.cl\/portal\/wp-json\/wp\/v2\/categories?post=406"},{"taxonomy":"post_tag","embeddable":true,"href":"https:\/\/www.diariohiggins.cl\/portal\/wp-json\/wp\/v2\/tags?post=406"}],"curies":[{"name":"wp","href":"https:\/\/api.w.org\/{rel}","templated":true}]}}