{"id":403,"date":"2023-04-17T12:20:00","date_gmt":"2023-04-17T12:20:00","guid":{"rendered":"https:\/\/diariohiggins.cl\/portal\/?p=403"},"modified":"2023-04-17T12:20:02","modified_gmt":"2023-04-17T12:20:02","slug":"evaluacion-de-carolina-toha-cae-drasticamente-en-medio-de-crisis-de-seguridad-segun-encuesta-de-cadem","status":"publish","type":"post","link":"https:\/\/www.diariohiggins.cl\/portal\/2023\/04\/17\/evaluacion-de-carolina-toha-cae-drasticamente-en-medio-de-crisis-de-seguridad-segun-encuesta-de-cadem\/","title":{"rendered":"Evaluaci\u00f3n de Carolina Toh\u00e1 cae dr\u00e1sticamente en medio de crisis de seguridad, seg\u00fan encuesta de Cadem"},"content":{"rendered":"\n<p>Evaluaci\u00f3n de la Ministra del Interior, Carolina Toh\u00e1, cae dr\u00e1sticamente en encuesta de Cadem tras crisis de seguridad&#8221;<\/p>\n\n\n\n<p>La primera encuesta de Cadem Plaza P\u00fablica despu\u00e9s del asesinato del suboficial de Carabineros Daniel Palma Y\u00e1\u00f1ez ha revelado un fuerte retroceso en la evaluaci\u00f3n de la Ministra del Interior, Carolina Toh\u00e1. Seg\u00fan el sondeo, su aprobaci\u00f3n ha ca\u00eddo 17 puntos, pasando del 59% observado en marzo a un 42%, lo que la sit\u00faa como la tercera ministra peor evaluada del gabinete. En contraste, la aprobaci\u00f3n del presidente Gabriel Boric se mantuvo en un 30%.<\/p>\n\n\n\n<p>Seg\u00fan el gerente general de Cadem, Roberto Izikson, la crisis de seguridad en el pa\u00eds y la muerte del suboficial Palma han influido en la ca\u00edda de la evaluaci\u00f3n de Toh\u00e1. Este fen\u00f3meno es notable, ya que los costos pol\u00edticos no los est\u00e1 asumiendo directamente el presidente, sino que su ministra del Interior. Adem\u00e1s, la aprobaci\u00f3n de la ley que reduce la jornada laboral a 40 horas semanales tambi\u00e9n ayud\u00f3 al presidente Boric a mantener su nivel de aprobaci\u00f3n ciudadana. La encuesta revela que un 71% de los encuestados est\u00e1 de acuerdo con el proyecto aprobado por el Congreso.<\/p>\n","protected":false},"excerpt":{"rendered":"Evaluaci\u00f3n de la Ministra del Interior, Carolina Toh\u00e1, cae dr\u00e1sticamente en encuesta de Cadem tras crisis de seguridad&#8221;&hellip;\n","protected":false},"author":1,"featured_media":404,"comment_status":"open","ping_status":"open","sticky":false,"template":"","format":"standard","meta":{"footnotes":""},"categories":[17,12,9],"tags":[],"class_list":{"0":"post-403","1":"post","2":"type-post","3":"status-publish","4":"format-standard","5":"has-post-thumbnail","7":"category-actualidad","8":"category-nacional","9":"category-portada"},"_links":{"self":[{"href":"https:\/\/www.diariohiggins.cl\/portal\/wp-json\/wp\/v2\/posts\/403","targetHints":{"allow":["GET"]}}],"collection":[{"href":"https:\/\/www.diariohiggins.cl\/portal\/wp-json\/wp\/v2\/posts"}],"about":[{"href":"https:\/\/www.diariohiggins.cl\/portal\/wp-json\/wp\/v2\/types\/post"}],"author":[{"embeddable":true,"href":"https:\/\/www.diariohiggins.cl\/portal\/wp-json\/wp\/v2\/users\/1"}],"replies":[{"embeddable":true,"href":"https:\/\/www.diariohiggins.cl\/portal\/wp-json\/wp\/v2\/comments?post=403"}],"version-history":[{"count":1,"href":"https:\/\/www.diariohiggins.cl\/portal\/wp-json\/wp\/v2\/posts\/403\/revisions"}],"predecessor-version":[{"id":405,"href":"https:\/\/www.diariohiggins.cl\/portal\/wp-json\/wp\/v2\/posts\/403\/revisions\/405"}],"wp:featuredmedia":[{"embeddable":true,"href":"https:\/\/www.diariohiggins.cl\/portal\/wp-json\/wp\/v2\/media\/404"}],"wp:attachment":[{"href":"https:\/\/www.diariohiggins.cl\/portal\/wp-json\/wp\/v2\/media?parent=403"}],"wp:term":[{"taxonomy":"category","embeddable":true,"href":"https:\/\/www.diariohiggins.cl\/portal\/wp-json\/wp\/v2\/categories?post=403"},{"taxonomy":"post_tag","embeddable":true,"href":"https:\/\/www.diariohiggins.cl\/portal\/wp-json\/wp\/v2\/tags?post=403"}],"curies":[{"name":"wp","href":"https:\/\/api.w.org\/{rel}","templated":true}]}}