{"id":400,"date":"2023-04-17T12:16:37","date_gmt":"2023-04-17T12:16:37","guid":{"rendered":"https:\/\/diariohiggins.cl\/portal\/?p=400"},"modified":"2023-04-17T12:16:39","modified_gmt":"2023-04-17T12:16:39","slug":"habra-un-sexto-retiro-inician-tramitacion-en-la-camara-y-te-contamos-todos-los-detalles","status":"publish","type":"post","link":"https:\/\/www.diariohiggins.cl\/portal\/2023\/04\/17\/habra-un-sexto-retiro-inician-tramitacion-en-la-camara-y-te-contamos-todos-los-detalles\/","title":{"rendered":"\u00bfHabr\u00e1 un &#8220;Sexto Retiro&#8221;?: Inician tramitaci\u00f3n en la C\u00e1mara y te contamos todos los detalles."},"content":{"rendered":"\n<p>A pesar de la expectaci\u00f3n que concita, a un ritmo de una hora por semana partir\u00e1 ma\u00f1ana martes en la C\u00e1mara de Diputados la discusi\u00f3n de un conjunto de reformas constitucionales que habilitan un nuevo giro de los ahorros previsionales.<\/p>\n\n\n\n<p>La citaci\u00f3n de la Comisi\u00f3n de Constituci\u00f3n establece que la presentaci\u00f3n de los proyectos de reforma constitucional para permitir el retiro de fondos previsionales se llevar\u00e1 a cabo durante la segunda hora de la sesi\u00f3n de ma\u00f1ana martes. En total, son seis las mociones parlamentarias relacionadas con el retiro de fondos, las cuales a\u00fan no han sido fusionadas y requerir\u00e1n de una diligencia adicional ante la sala de la C\u00e1mara para autorizar su unificaci\u00f3n.<\/p>\n\n\n\n<p>La \u00faltima semana de abril ser\u00e1 la \u00faltima semana de trabajo legislativo antes del receso que se dar\u00e1 a inicios de mayo, programado para favorecer el trabajo territorial previo a las elecciones de consejeros constituyentes. Por esta raz\u00f3n, se espera que la discusi\u00f3n y votaci\u00f3n del &#8220;Sexto Retiro&#8221; se postergue hasta despu\u00e9s de las elecciones. Esto tambi\u00e9n se debe a la posibilidad de que algunos diputados presenten nuevas iniciativas de retiro y la necesidad de unificar las mociones existentes. Todo esto ha generado un retraso en el proceso, lo que contradice el plan inicial del presidente de la C\u00e1mara, Vlado Mirosevic (liberal), de zanjar r\u00e1pidamente el &#8220;Sexto Retiro&#8221; para no alimentar las expectativas.<\/p>\n","protected":false},"excerpt":{"rendered":"A pesar de la expectaci\u00f3n que concita, a un ritmo de una hora por semana partir\u00e1 ma\u00f1ana martes&hellip;\n","protected":false},"author":1,"featured_media":401,"comment_status":"open","ping_status":"open","sticky":false,"template":"","format":"standard","meta":{"footnotes":""},"categories":[17,12,9],"tags":[],"class_list":{"0":"post-400","1":"post","2":"type-post","3":"status-publish","4":"format-standard","5":"has-post-thumbnail","7":"category-actualidad","8":"category-nacional","9":"category-portada"},"_links":{"self":[{"href":"https:\/\/www.diariohiggins.cl\/portal\/wp-json\/wp\/v2\/posts\/400","targetHints":{"allow":["GET"]}}],"collection":[{"href":"https:\/\/www.diariohiggins.cl\/portal\/wp-json\/wp\/v2\/posts"}],"about":[{"href":"https:\/\/www.diariohiggins.cl\/portal\/wp-json\/wp\/v2\/types\/post"}],"author":[{"embeddable":true,"href":"https:\/\/www.diariohiggins.cl\/portal\/wp-json\/wp\/v2\/users\/1"}],"replies":[{"embeddable":true,"href":"https:\/\/www.diariohiggins.cl\/portal\/wp-json\/wp\/v2\/comments?post=400"}],"version-history":[{"count":1,"href":"https:\/\/www.diariohiggins.cl\/portal\/wp-json\/wp\/v2\/posts\/400\/revisions"}],"predecessor-version":[{"id":402,"href":"https:\/\/www.diariohiggins.cl\/portal\/wp-json\/wp\/v2\/posts\/400\/revisions\/402"}],"wp:featuredmedia":[{"embeddable":true,"href":"https:\/\/www.diariohiggins.cl\/portal\/wp-json\/wp\/v2\/media\/401"}],"wp:attachment":[{"href":"https:\/\/www.diariohiggins.cl\/portal\/wp-json\/wp\/v2\/media?parent=400"}],"wp:term":[{"taxonomy":"category","embeddable":true,"href":"https:\/\/www.diariohiggins.cl\/portal\/wp-json\/wp\/v2\/categories?post=400"},{"taxonomy":"post_tag","embeddable":true,"href":"https:\/\/www.diariohiggins.cl\/portal\/wp-json\/wp\/v2\/tags?post=400"}],"curies":[{"name":"wp","href":"https:\/\/api.w.org\/{rel}","templated":true}]}}