{"id":390,"date":"2023-04-16T01:35:09","date_gmt":"2023-04-16T01:35:09","guid":{"rendered":"https:\/\/diariohiggins.cl\/portal\/?p=390"},"modified":"2023-04-16T01:42:21","modified_gmt":"2023-04-16T01:42:21","slug":"comienzo-la-disputa-de-las-series-libres-en-la-medialuna-de-rancagua","status":"publish","type":"post","link":"https:\/\/www.diariohiggins.cl\/portal\/2023\/04\/16\/comienzo-la-disputa-de-las-series-libres-en-la-medialuna-de-rancagua\/","title":{"rendered":"Comienz\u00f3 la disputa de las Series Libres en la Medialuna de Rancagua"},"content":{"rendered":"\n<p>Muy temprano comenz\u00f3 la actividad en la Medialuna de Rancagua, donde se desarrolla desde el jueves la 74\u00b0 versi\u00f3n del Campeonato Nacional de Rodeo.<\/p>\n\n\n\n<p>Durante toda la ma\u00f1ana se corri\u00f3 la Primera Serie Libre A, contempl\u00e1ndose para la tarde la Primera Serie Libre B y la la Segunda Serie Libre A.<\/p>\n\n\n\n<p>La Asociaci\u00f3n Valdivia, con la collera Alcalde-Ord\u00f3\u00f1ez, se llev\u00f3 la primera competencia del d\u00eda.<\/p>\n\n\n\n<p>Para el domingo se contemplan la \u00faltima serie y las competencias menores y femenina, para luego en la tarde correr la Serie de Campeones que determinar\u00e1 a los nuevos campeones de Chile 2023.<\/p>\n","protected":false},"excerpt":{"rendered":"Muy temprano comenz\u00f3 la actividad en la Medialuna de Rancagua, donde se desarrolla desde el jueves la 74\u00b0&hellip;\n","protected":false},"author":1,"featured_media":391,"comment_status":"open","ping_status":"open","sticky":false,"template":"","format":"standard","meta":{"footnotes":""},"categories":[17,12,9,11],"tags":[],"class_list":{"0":"post-390","1":"post","2":"type-post","3":"status-publish","4":"format-standard","5":"has-post-thumbnail","7":"category-actualidad","8":"category-nacional","9":"category-portada","10":"category-regional"},"_links":{"self":[{"href":"https:\/\/www.diariohiggins.cl\/portal\/wp-json\/wp\/v2\/posts\/390","targetHints":{"allow":["GET"]}}],"collection":[{"href":"https:\/\/www.diariohiggins.cl\/portal\/wp-json\/wp\/v2\/posts"}],"about":[{"href":"https:\/\/www.diariohiggins.cl\/portal\/wp-json\/wp\/v2\/types\/post"}],"author":[{"embeddable":true,"href":"https:\/\/www.diariohiggins.cl\/portal\/wp-json\/wp\/v2\/users\/1"}],"replies":[{"embeddable":true,"href":"https:\/\/www.diariohiggins.cl\/portal\/wp-json\/wp\/v2\/comments?post=390"}],"version-history":[{"count":1,"href":"https:\/\/www.diariohiggins.cl\/portal\/wp-json\/wp\/v2\/posts\/390\/revisions"}],"predecessor-version":[{"id":392,"href":"https:\/\/www.diariohiggins.cl\/portal\/wp-json\/wp\/v2\/posts\/390\/revisions\/392"}],"wp:featuredmedia":[{"embeddable":true,"href":"https:\/\/www.diariohiggins.cl\/portal\/wp-json\/wp\/v2\/media\/391"}],"wp:attachment":[{"href":"https:\/\/www.diariohiggins.cl\/portal\/wp-json\/wp\/v2\/media?parent=390"}],"wp:term":[{"taxonomy":"category","embeddable":true,"href":"https:\/\/www.diariohiggins.cl\/portal\/wp-json\/wp\/v2\/categories?post=390"},{"taxonomy":"post_tag","embeddable":true,"href":"https:\/\/www.diariohiggins.cl\/portal\/wp-json\/wp\/v2\/tags?post=390"}],"curies":[{"name":"wp","href":"https:\/\/api.w.org\/{rel}","templated":true}]}}