{"id":380,"date":"2023-04-16T00:43:23","date_gmt":"2023-04-16T00:43:23","guid":{"rendered":"https:\/\/diariohiggins.cl\/portal\/?p=380"},"modified":"2023-04-16T00:44:25","modified_gmt":"2023-04-16T00:44:25","slug":"matthei-critica-plan-calle-sin-violencia-es-como-apretar-un-globo-de-un-lado-para-inflarlo-por-el-otro","status":"publish","type":"post","link":"https:\/\/www.diariohiggins.cl\/portal\/2023\/04\/16\/matthei-critica-plan-calle-sin-violencia-es-como-apretar-un-globo-de-un-lado-para-inflarlo-por-el-otro\/","title":{"rendered":"&#8220;Matthei critica Plan Calle sin Violencia: &#8220;Es como apretar un globo de un lado para inflarlo por el otro&#8221;&#8221;"},"content":{"rendered":"\n<p>La alcaldesa de Providencia, Evelyn Matthei, expres\u00f3 su disconformidad con el Plan Calle sin Violencia que anunci\u00f3 el gobierno para 22 comunas de la Regi\u00f3n Metropolitana, como una medida para frenar la delincuencia y reforzar la seguridad ciudadana. Matthei indic\u00f3 que el plan puede ser una medida que alivie a esos barrios que la est\u00e1n pasando muy mal, pero si no se toman otras medidas mucho m\u00e1s de fondo, esto es solamente apretar el globo de un lado para que se infle por otro. La alcaldesa apunt\u00f3 que se deben tomar medidas de control de la frontera, deportar a todos los extranjeros que cometen delitos y cambiar el r\u00e9gimen carcelario del pa\u00eds.<\/p>\n\n\n\n<p>Adem\u00e1s, Matthei se\u00f1al\u00f3 que el problema se replica en su propia comuna de Providencia cuando fiscalizan al comercio ambulante y este se traslada a otros sectores y comunas. La alcaldesa considera que las medidas del gobierno son insuficientes para abordar la delincuencia y la seguridad ciudadana de manera efectiva.<\/p>\n","protected":false},"excerpt":{"rendered":"La alcaldesa de Providencia, Evelyn Matthei, expres\u00f3 su disconformidad con el Plan Calle sin Violencia que anunci\u00f3 el&hellip;\n","protected":false},"author":1,"featured_media":381,"comment_status":"open","ping_status":"open","sticky":false,"template":"","format":"standard","meta":{"footnotes":""},"categories":[12,15,9,11],"tags":[],"class_list":{"0":"post-380","1":"post","2":"type-post","3":"status-publish","4":"format-standard","5":"has-post-thumbnail","7":"category-nacional","8":"category-policial","9":"category-portada","10":"category-regional"},"_links":{"self":[{"href":"https:\/\/www.diariohiggins.cl\/portal\/wp-json\/wp\/v2\/posts\/380","targetHints":{"allow":["GET"]}}],"collection":[{"href":"https:\/\/www.diariohiggins.cl\/portal\/wp-json\/wp\/v2\/posts"}],"about":[{"href":"https:\/\/www.diariohiggins.cl\/portal\/wp-json\/wp\/v2\/types\/post"}],"author":[{"embeddable":true,"href":"https:\/\/www.diariohiggins.cl\/portal\/wp-json\/wp\/v2\/users\/1"}],"replies":[{"embeddable":true,"href":"https:\/\/www.diariohiggins.cl\/portal\/wp-json\/wp\/v2\/comments?post=380"}],"version-history":[{"count":1,"href":"https:\/\/www.diariohiggins.cl\/portal\/wp-json\/wp\/v2\/posts\/380\/revisions"}],"predecessor-version":[{"id":382,"href":"https:\/\/www.diariohiggins.cl\/portal\/wp-json\/wp\/v2\/posts\/380\/revisions\/382"}],"wp:featuredmedia":[{"embeddable":true,"href":"https:\/\/www.diariohiggins.cl\/portal\/wp-json\/wp\/v2\/media\/381"}],"wp:attachment":[{"href":"https:\/\/www.diariohiggins.cl\/portal\/wp-json\/wp\/v2\/media?parent=380"}],"wp:term":[{"taxonomy":"category","embeddable":true,"href":"https:\/\/www.diariohiggins.cl\/portal\/wp-json\/wp\/v2\/categories?post=380"},{"taxonomy":"post_tag","embeddable":true,"href":"https:\/\/www.diariohiggins.cl\/portal\/wp-json\/wp\/v2\/tags?post=380"}],"curies":[{"name":"wp","href":"https:\/\/api.w.org\/{rel}","templated":true}]}}