{"id":372,"date":"2023-04-13T22:55:20","date_gmt":"2023-04-13T22:55:20","guid":{"rendered":"https:\/\/diariohiggins.cl\/portal\/?p=372"},"modified":"2023-04-13T22:56:11","modified_gmt":"2023-04-13T22:56:11","slug":"seis-regiones-en-espera-de-lluvias-y-en-la-region-cuando-y-donde-llegara","status":"publish","type":"post","link":"https:\/\/www.diariohiggins.cl\/portal\/2023\/04\/13\/seis-regiones-en-espera-de-lluvias-y-en-la-region-cuando-y-donde-llegara\/","title":{"rendered":"Seis regiones en espera de lluvias y en la Regi\u00f3n  \u00bfCu\u00e1ndo y D\u00f3nde llegar\u00e1?"},"content":{"rendered":"\n<p>Se pronostica el inicio de las primeras lluvias significativas del a\u00f1o en seis regiones de Chile, lo que podr\u00eda marcar el comienzo de un oto\u00f1o e invierno lluvioso despu\u00e9s de un a\u00f1o de altas temperaturas y r\u00e9cords hist\u00f3ricos.<\/p>\n\n\n\n<p>La Direcci\u00f3n Meteorol\u00f3gica de Chile (DMC) ha informado que la lluvia <strong>comenzar\u00e1 a caer este jueves<\/strong> en la zona insular de la Regi\u00f3n de Valpara\u00edso, en Isla de Pascua, y se extender\u00e1 hasta Magallanes. El fen\u00f3meno afectar\u00e1 alrededor de 2.500 kil\u00f3metros de extensi\u00f3n en el territorio nacional, <strong>abarcando zonas como la costa de la Regi\u00f3n de O&#8217;Higgins, el Biob\u00edo y el extremo sur del pa\u00eds.<\/strong><\/p>\n\n\n\n<p>Si bien se esperaba que las precipitaciones se extendieran tambi\u00e9n a la Regi\u00f3n Metropolitana, la DMC ha anunciado que no se esperan lluvias en las pr\u00f3ximas dos semanas, aunque esta situaci\u00f3n podr\u00eda cambiar en los pr\u00f3ximos d\u00edas.<\/p>\n\n\n\n<p>La llegada de las primeras lluvias del a\u00f1o ha generado esperanza en la poblaci\u00f3n y en los sectores afectados por la sequ\u00eda. Adem\u00e1s, se espera que el fen\u00f3meno de El Ni\u00f1o, que ha comenzado a manifestarse en el Pac\u00edfico, contribuya a un aumento de las precipitaciones en el pa\u00eds durante los pr\u00f3ximos meses.<\/p>\n\n\n\n<p>Es importante recordar que el a\u00f1o pasado se registr\u00f3 una de las sequ\u00edas m\u00e1s severas de la historia de Chile, lo que afect\u00f3 gravemente a la agricultura, la ganader\u00eda y la industria hidroel\u00e9ctrica del pa\u00eds. Por lo tanto, la llegada de lluvias es un alivio para muchos sectores y comunidades que han sufrido los efectos de la sequ\u00eda durante mucho tiempo.<\/p>\n\n\n\n<p>A pesar de que se trata de un acontecimiento positivo, las autoridades han pedido a la poblaci\u00f3n que tome las precauciones necesarias, especialmente en zonas donde se han producido incendios forestales en los \u00faltimos a\u00f1os. En cualquier caso, las primeras lluvias del a\u00f1o representan un respiro para el pa\u00eds y la posibilidad de un cambio en el clima que ha afectado a Chile en los \u00faltimos tiempos.<\/p>\n","protected":false},"excerpt":{"rendered":"Se pronostica el inicio de las primeras lluvias significativas del a\u00f1o en seis regiones de Chile, lo que&hellip;\n","protected":false},"author":1,"featured_media":373,"comment_status":"open","ping_status":"open","sticky":false,"template":"","format":"standard","meta":{"footnotes":""},"categories":[17,12,9],"tags":[],"class_list":{"0":"post-372","1":"post","2":"type-post","3":"status-publish","4":"format-standard","5":"has-post-thumbnail","7":"category-actualidad","8":"category-nacional","9":"category-portada"},"_links":{"self":[{"href":"https:\/\/www.diariohiggins.cl\/portal\/wp-json\/wp\/v2\/posts\/372","targetHints":{"allow":["GET"]}}],"collection":[{"href":"https:\/\/www.diariohiggins.cl\/portal\/wp-json\/wp\/v2\/posts"}],"about":[{"href":"https:\/\/www.diariohiggins.cl\/portal\/wp-json\/wp\/v2\/types\/post"}],"author":[{"embeddable":true,"href":"https:\/\/www.diariohiggins.cl\/portal\/wp-json\/wp\/v2\/users\/1"}],"replies":[{"embeddable":true,"href":"https:\/\/www.diariohiggins.cl\/portal\/wp-json\/wp\/v2\/comments?post=372"}],"version-history":[{"count":3,"href":"https:\/\/www.diariohiggins.cl\/portal\/wp-json\/wp\/v2\/posts\/372\/revisions"}],"predecessor-version":[{"id":376,"href":"https:\/\/www.diariohiggins.cl\/portal\/wp-json\/wp\/v2\/posts\/372\/revisions\/376"}],"wp:featuredmedia":[{"embeddable":true,"href":"https:\/\/www.diariohiggins.cl\/portal\/wp-json\/wp\/v2\/media\/373"}],"wp:attachment":[{"href":"https:\/\/www.diariohiggins.cl\/portal\/wp-json\/wp\/v2\/media?parent=372"}],"wp:term":[{"taxonomy":"category","embeddable":true,"href":"https:\/\/www.diariohiggins.cl\/portal\/wp-json\/wp\/v2\/categories?post=372"},{"taxonomy":"post_tag","embeddable":true,"href":"https:\/\/www.diariohiggins.cl\/portal\/wp-json\/wp\/v2\/tags?post=372"}],"curies":[{"name":"wp","href":"https:\/\/api.w.org\/{rel}","templated":true}]}}