{"id":368,"date":"2023-04-13T21:10:47","date_gmt":"2023-04-13T21:10:47","guid":{"rendered":"https:\/\/diariohiggins.cl\/portal\/?p=368"},"modified":"2023-04-13T21:34:37","modified_gmt":"2023-04-13T21:34:37","slug":"alcaldesa-iraci-hassler-desiste-de-continuar-con-la-polemica-compra-de-la-clinica-sierra-bella","status":"publish","type":"post","link":"https:\/\/www.diariohiggins.cl\/portal\/2023\/04\/13\/alcaldesa-iraci-hassler-desiste-de-continuar-con-la-polemica-compra-de-la-clinica-sierra-bella\/","title":{"rendered":"Alcaldesa Irac\u00ed Hassler desiste de continuar con la pol\u00e9mica compra de la Cl\u00ednica Sierra Bella"},"content":{"rendered":"\n<p>Despu\u00e9s de un informe desfavorable de Contralor\u00eda que cuestiona a la alcaldesa de Santiago, Irac\u00ed Hassler (PC), por no tomar medidas para garantizar la correcta administraci\u00f3n y protecci\u00f3n de los recursos municipales en la compra de la Cl\u00ednica Sierra Bella por cuatro veces su valor de mercado, la alcaldesa ha decidido no avanzar en el proceso.<\/p>\n\n\n\n<p>En un comunicado emitido este jueves, pocas horas despu\u00e9s de conocerse el dictamen del ente fiscalizador, Hassler dijo: &#8220;Hemos decidido no perseverar en el proceso de compra. Al mismo tiempo, he instruido sumarios administrativos internos y acciones legales contra los tasadores&#8221;. La alcaldesa tambi\u00e9n enfatiz\u00f3 que &#8220;aqu\u00ed no ha habido gasto de ning\u00fan recurso municipal, no se ha realizado ning\u00fan pago y, por lo tanto, no ha habido ninguna afectaci\u00f3n al patrimonio de nuestro municipio&#8221;.<\/p>\n\n\n\n<p><\/p>\n\n\n\n<p>Al mismo tiempo, valor\u00f3 que Contralor\u00eda haya se\u00f1alado \u201cque\u00a0<strong>ha sido un proceso transparente y que los concejales y concejalas tuvieron todos los antecedentes a la vista en este proceso<\/strong>\u201d.<\/p>\n\n\n\n<p>Asimismo, la m\u00e1xima autoridad santiaguina quiso hablarle a su comunidad: \u201cVamos a seguir trabajando por contar con la infraestructura de salud que nuestra comuna necesita y merece, especialmente con la alternativa urgente de un recinto para el Cesfam Padre Orellana\u201d.<\/p>\n","protected":false},"excerpt":{"rendered":"Despu\u00e9s de un informe desfavorable de Contralor\u00eda que cuestiona a la alcaldesa de Santiago, Irac\u00ed Hassler (PC), por&hellip;\n","protected":false},"author":1,"featured_media":369,"comment_status":"open","ping_status":"open","sticky":false,"template":"","format":"standard","meta":{"footnotes":""},"categories":[12,9],"tags":[],"class_list":{"0":"post-368","1":"post","2":"type-post","3":"status-publish","4":"format-standard","5":"has-post-thumbnail","7":"category-nacional","8":"category-portada"},"_links":{"self":[{"href":"https:\/\/www.diariohiggins.cl\/portal\/wp-json\/wp\/v2\/posts\/368","targetHints":{"allow":["GET"]}}],"collection":[{"href":"https:\/\/www.diariohiggins.cl\/portal\/wp-json\/wp\/v2\/posts"}],"about":[{"href":"https:\/\/www.diariohiggins.cl\/portal\/wp-json\/wp\/v2\/types\/post"}],"author":[{"embeddable":true,"href":"https:\/\/www.diariohiggins.cl\/portal\/wp-json\/wp\/v2\/users\/1"}],"replies":[{"embeddable":true,"href":"https:\/\/www.diariohiggins.cl\/portal\/wp-json\/wp\/v2\/comments?post=368"}],"version-history":[{"count":2,"href":"https:\/\/www.diariohiggins.cl\/portal\/wp-json\/wp\/v2\/posts\/368\/revisions"}],"predecessor-version":[{"id":371,"href":"https:\/\/www.diariohiggins.cl\/portal\/wp-json\/wp\/v2\/posts\/368\/revisions\/371"}],"wp:featuredmedia":[{"embeddable":true,"href":"https:\/\/www.diariohiggins.cl\/portal\/wp-json\/wp\/v2\/media\/369"}],"wp:attachment":[{"href":"https:\/\/www.diariohiggins.cl\/portal\/wp-json\/wp\/v2\/media?parent=368"}],"wp:term":[{"taxonomy":"category","embeddable":true,"href":"https:\/\/www.diariohiggins.cl\/portal\/wp-json\/wp\/v2\/categories?post=368"},{"taxonomy":"post_tag","embeddable":true,"href":"https:\/\/www.diariohiggins.cl\/portal\/wp-json\/wp\/v2\/tags?post=368"}],"curies":[{"name":"wp","href":"https:\/\/api.w.org\/{rel}","templated":true}]}}