{"id":365,"date":"2023-04-13T12:18:10","date_gmt":"2023-04-13T12:18:10","guid":{"rendered":"https:\/\/diariohiggins.cl\/portal\/?p=365"},"modified":"2023-04-13T12:18:11","modified_gmt":"2023-04-13T12:18:11","slug":"balacera-en-la-florida-deja-tres-carabineros-heridos-durante-procedimiento-policial-en-los-quillayes","status":"publish","type":"post","link":"https:\/\/www.diariohiggins.cl\/portal\/2023\/04\/13\/balacera-en-la-florida-deja-tres-carabineros-heridos-durante-procedimiento-policial-en-los-quillayes\/","title":{"rendered":"Balacera en La Florida deja tres carabineros heridos durante procedimiento policial en Los Quillayes"},"content":{"rendered":"\n<p>Durante un procedimiento en el sector de Los Quillayes, tres carabineros de la Secci\u00f3n de Investigaciones Policiales de la 36\u00b0 Comisar\u00eda de La Florida resultaron lesionados la tarde del mi\u00e9rcoles. Seg\u00fan la versi\u00f3n inicial de Carabineros, los uniformados intentaron fiscalizar a dos personas que conduc\u00edan una motocicleta sin casco por la calle General Arriagada. Sin embargo, la polic\u00eda uniformada aclar\u00f3 que el personal de la SIP acudi\u00f3 al sector por informaci\u00f3n sobre personas desplaz\u00e1ndose con armamento, y al llegar, comenzaron a recibir disparos desde un departamento. Un sargento segundo result\u00f3 herido en el antebrazo izquierdo, un cabo primero en su mano izquierda y un sargento primero present\u00f3 una lesi\u00f3n por impacto bal\u00edstico en su codo derecho.<\/p>\n\n\n\n<p>El general director de Carabineros, Ricardo Y\u00e1\u00f1ez, visit\u00f3 a los funcionarios heridos en el Hospital de Carabineros y confirm\u00f3 que los tres estaban con heridas graves, pero con chalecos antibalas que les evitaron peores consecuencias. Seg\u00fan Y\u00e1\u00f1ez, el procedimiento estaba relacionado con una transacci\u00f3n de drogas y los uniformados repelieron el ataque para lograr la detenci\u00f3n de uno de los individuos involucrados. La investigaci\u00f3n est\u00e1 en curso para determinar la vinculaci\u00f3n de los hechos con el tr\u00e1fico de drogas y la motocicleta mencionada.<\/p>\n","protected":false},"excerpt":{"rendered":"Durante un procedimiento en el sector de Los Quillayes, tres carabineros de la Secci\u00f3n de Investigaciones Policiales de&hellip;\n","protected":false},"author":1,"featured_media":366,"comment_status":"open","ping_status":"open","sticky":false,"template":"","format":"standard","meta":{"footnotes":""},"categories":[17,12,15,9],"tags":[],"class_list":{"0":"post-365","1":"post","2":"type-post","3":"status-publish","4":"format-standard","5":"has-post-thumbnail","7":"category-actualidad","8":"category-nacional","9":"category-policial","10":"category-portada"},"_links":{"self":[{"href":"https:\/\/www.diariohiggins.cl\/portal\/wp-json\/wp\/v2\/posts\/365","targetHints":{"allow":["GET"]}}],"collection":[{"href":"https:\/\/www.diariohiggins.cl\/portal\/wp-json\/wp\/v2\/posts"}],"about":[{"href":"https:\/\/www.diariohiggins.cl\/portal\/wp-json\/wp\/v2\/types\/post"}],"author":[{"embeddable":true,"href":"https:\/\/www.diariohiggins.cl\/portal\/wp-json\/wp\/v2\/users\/1"}],"replies":[{"embeddable":true,"href":"https:\/\/www.diariohiggins.cl\/portal\/wp-json\/wp\/v2\/comments?post=365"}],"version-history":[{"count":1,"href":"https:\/\/www.diariohiggins.cl\/portal\/wp-json\/wp\/v2\/posts\/365\/revisions"}],"predecessor-version":[{"id":367,"href":"https:\/\/www.diariohiggins.cl\/portal\/wp-json\/wp\/v2\/posts\/365\/revisions\/367"}],"wp:featuredmedia":[{"embeddable":true,"href":"https:\/\/www.diariohiggins.cl\/portal\/wp-json\/wp\/v2\/media\/366"}],"wp:attachment":[{"href":"https:\/\/www.diariohiggins.cl\/portal\/wp-json\/wp\/v2\/media?parent=365"}],"wp:term":[{"taxonomy":"category","embeddable":true,"href":"https:\/\/www.diariohiggins.cl\/portal\/wp-json\/wp\/v2\/categories?post=365"},{"taxonomy":"post_tag","embeddable":true,"href":"https:\/\/www.diariohiggins.cl\/portal\/wp-json\/wp\/v2\/tags?post=365"}],"curies":[{"name":"wp","href":"https:\/\/api.w.org\/{rel}","templated":true}]}}