{"id":362,"date":"2023-04-13T12:12:27","date_gmt":"2023-04-13T12:12:27","guid":{"rendered":"https:\/\/diariohiggins.cl\/portal\/?p=362"},"modified":"2023-04-13T12:12:28","modified_gmt":"2023-04-13T12:12:28","slug":"lanzamiento-de-proyecto-innovador-en-sostenibilidad-con-enfoque-territorial-ohiggins-sostenible-por-parte-de-otic-ohiggins-dirigido-a-empresas","status":"publish","type":"post","link":"https:\/\/www.diariohiggins.cl\/portal\/2023\/04\/13\/lanzamiento-de-proyecto-innovador-en-sostenibilidad-con-enfoque-territorial-ohiggins-sostenible-por-parte-de-otic-ohiggins-dirigido-a-empresas\/","title":{"rendered":"Lanzamiento de proyecto innovador en sostenibilidad con enfoque territorial &#8216;O&#8217;Higgins Sostenible&#8217; por parte de OTIC O&#8217;Higgins dirigido a empresas"},"content":{"rendered":"\n<p>OTIC O&#8217;Higgins ha lanzado oficialmente el proyecto &#8220;O&#8217;Higgins Sostenible&#8221;, el cual tiene como objetivo contribuir al desarrollo sostenible de las empresas en la Regi\u00f3n de O&#8217;Higgins. El proyecto dise\u00f1ar\u00e1 un plan de capacitaci\u00f3n con pertinencia territorial para promover un proceso de transformaci\u00f3n cultural hacia la sostenibilidad, fortalecer el capital humano y crear redes de colaboraci\u00f3n que permitan afrontar los desaf\u00edos futuros y contribuir con los Objetivos de Desarrollo Sostenible de la ONU.<\/p>\n\n\n\n<p>El proyecto es financiado por OTIC O&#8217;Higgins y cuenta con el apoyo del Servicio Nacional de Capacitaci\u00f3n y Empleo, SENCE. Durante su ejecuci\u00f3n, el proyecto levantar\u00e1 informaci\u00f3n sobre la situaci\u00f3n regional actual en cuanto a la implementaci\u00f3n de la sostenibilidad en la operaci\u00f3n de las empresas y la capacitaci\u00f3n en este \u00e1mbito. &#8220;O&#8217;Higgins Sostenible&#8221; ser\u00e1 ejecutado por Dinamiza+, empresa experta en sostenibilidad, y se utilizar\u00e1 la informaci\u00f3n proporcionada por el Pacto Global de Naciones Unidas y la Secretar\u00eda Ejecutiva de la Agenda 2030 del Estado de Chile para el an\u00e1lisis e identificaci\u00f3n de los actuales requerimientos formativos de las empresas y su tr\u00e1nsito exitoso hacia la sostenibilidad.<\/p>\n","protected":false},"excerpt":{"rendered":"OTIC O&#8217;Higgins ha lanzado oficialmente el proyecto &#8220;O&#8217;Higgins Sostenible&#8221;, el cual tiene como objetivo contribuir al desarrollo sostenible&hellip;\n","protected":false},"author":1,"featured_media":363,"comment_status":"open","ping_status":"open","sticky":false,"template":"","format":"standard","meta":{"footnotes":""},"categories":[17,10,9,11],"tags":[],"class_list":{"0":"post-362","1":"post","2":"type-post","3":"status-publish","4":"format-standard","5":"has-post-thumbnail","7":"category-actualidad","8":"category-comunal","9":"category-portada","10":"category-regional"},"_links":{"self":[{"href":"https:\/\/www.diariohiggins.cl\/portal\/wp-json\/wp\/v2\/posts\/362","targetHints":{"allow":["GET"]}}],"collection":[{"href":"https:\/\/www.diariohiggins.cl\/portal\/wp-json\/wp\/v2\/posts"}],"about":[{"href":"https:\/\/www.diariohiggins.cl\/portal\/wp-json\/wp\/v2\/types\/post"}],"author":[{"embeddable":true,"href":"https:\/\/www.diariohiggins.cl\/portal\/wp-json\/wp\/v2\/users\/1"}],"replies":[{"embeddable":true,"href":"https:\/\/www.diariohiggins.cl\/portal\/wp-json\/wp\/v2\/comments?post=362"}],"version-history":[{"count":1,"href":"https:\/\/www.diariohiggins.cl\/portal\/wp-json\/wp\/v2\/posts\/362\/revisions"}],"predecessor-version":[{"id":364,"href":"https:\/\/www.diariohiggins.cl\/portal\/wp-json\/wp\/v2\/posts\/362\/revisions\/364"}],"wp:featuredmedia":[{"embeddable":true,"href":"https:\/\/www.diariohiggins.cl\/portal\/wp-json\/wp\/v2\/media\/363"}],"wp:attachment":[{"href":"https:\/\/www.diariohiggins.cl\/portal\/wp-json\/wp\/v2\/media?parent=362"}],"wp:term":[{"taxonomy":"category","embeddable":true,"href":"https:\/\/www.diariohiggins.cl\/portal\/wp-json\/wp\/v2\/categories?post=362"},{"taxonomy":"post_tag","embeddable":true,"href":"https:\/\/www.diariohiggins.cl\/portal\/wp-json\/wp\/v2\/tags?post=362"}],"curies":[{"name":"wp","href":"https:\/\/api.w.org\/{rel}","templated":true}]}}