{"id":346,"date":"2023-04-12T18:08:57","date_gmt":"2023-04-12T18:08:57","guid":{"rendered":"https:\/\/diariohiggins.cl\/portal\/?p=346"},"modified":"2023-04-12T18:16:41","modified_gmt":"2023-04-12T18:16:41","slug":"rengo-inaugura-su-primer-box-de-telemedicina-impulsando-la-innovacion-y-el-acceso-a-la-salud-para-sus-habitantes","status":"publish","type":"post","link":"https:\/\/www.diariohiggins.cl\/portal\/2023\/04\/12\/rengo-inaugura-su-primer-box-de-telemedicina-impulsando-la-innovacion-y-el-acceso-a-la-salud-para-sus-habitantes\/","title":{"rendered":"Rengo Inaugura su Primer Box de Telemedicina, Impulsando la Innovaci\u00f3n y el Acceso a la Salud para sus Habitantes"},"content":{"rendered":"\n<p><\/p>\n\n\n\n<p>La comuna de Rengo da un paso m\u00e1s en su constante b\u00fasqueda de innovaci\u00f3n y mejora de la calidad de vida de sus habitantes, al inaugurar su primer box de telemedicina. Esta iniciativa es liderada por el Director de Innovaci\u00f3n y Gesti\u00f3n (ex-administrador), Andr\u00e9s Rold\u00e1n Grez, y cuenta con el respaldo del Alcalde Carlos Soto Gonz\u00e1lez.<\/p>\n\n\n\n<p>El box de telemedicina es una sala equipada con tecnolog\u00eda de \u00faltima generaci\u00f3n que permite a los pacientes acceder a consultas m\u00e9dicas a distancia, mejorando la atenci\u00f3n primaria de salud y el acceso a especialistas sin la necesidad de trasladarse a otras localidades. Esta herramienta se convierte en un gran apoyo, especialmente para aquellos pacientes con movilidad reducida, adultos mayores y personas que viven en zonas rurales.<\/p>\n\n\n<div class=\"wp-block-image\">\n<figure class=\"aligncenter size-large\"><img loading=\"lazy\" decoding=\"async\" width=\"445\" height=\"791\" src=\"https:\/\/diariohiggins.cl\/portal\/wp-content\/uploads\/2023\/04\/340935907_772384094170572_1737912105451606240_n-edited.jpeg\" alt=\"\" class=\"wp-image-348\" srcset=\"https:\/\/www.diariohiggins.cl\/portal\/wp-content\/uploads\/2023\/04\/340935907_772384094170572_1737912105451606240_n-edited.jpeg 445w, https:\/\/www.diariohiggins.cl\/portal\/wp-content\/uploads\/2023\/04\/340935907_772384094170572_1737912105451606240_n-edited-169x300.jpeg 169w\" sizes=\"auto, (max-width: 445px) 100vw, 445px\" \/><\/figure>\n<\/div>\n\n\n<p class=\"has-text-align-center\"><em><sub><strong>Foto: <\/strong>A la derecha, el Director de Innovaci\u00f3n y Gesti\u00f3n, Andr\u00e9s Rold\u00e1n Grez. A la Izquierda, el Director de Salud Municipal, Pablo Villanueva Galaz.<\/sub><\/em><\/p>\n\n\n\n<p>El <strong>Alcalde Carlos Soto Gonz\u00e1lez <\/strong>expres\u00f3 su entusiasmo por este proyecto y se\u00f1al\u00f3: &#8220;Hoy es un d\u00eda importante para Rengo, ya que estamos dando un paso significativo en la mejora de la atenci\u00f3n en salud para nuestros vecinos. La telemedicina permitir\u00e1 a nuestros habitantes recibir atenci\u00f3n m\u00e9dica de calidad sin tener que desplazarse, ahorrando tiempo y recursos. Esto demuestra que Rengo sigue avanzando en materia de innovaci\u00f3n y tecnolog\u00eda para mejorar la calidad de vida de todos sus habitantes&#8221;.<\/p>\n\n\n\n<p>Por su parte, <strong>Andr\u00e9s Rold\u00e1n Grez, Director de Innovaci\u00f3n y Gesti\u00f3n, <\/strong>explic\u00f3 c\u00f3mo funciona el box de telemedicina: <em>&#8220;En t\u00e9rminos sencillos, el equipo de profesionales de la salud establece una calendarizaci\u00f3n con las horas m\u00e9dicas mas demandadas, que pueden ser atendidas de manera remota, evaluando la residencia de los vecinos y otros factores para maximizar los beneficios.  De este modo, nuestros vecinos, son atendidos en distintas \u00e1reas de forma remota, a trav\u00e9s de una plataforma propia que evita desplazamientos innecesarios, gastos y esperas que no agregan valor a la atenci\u00f3n en salud p\u00fablica y que solo afectan a los usuarios.  Es una gran oportunidad para democratizar el acceso a la salud y contribuir al desarrollo de nuestra comuna&#8221;.<\/em><\/p>\n\n\n\n<p>Rengo ha venido realizando importantes avances en materia de innovaci\u00f3n en los \u00faltimos a\u00f1os. Entre estos se encuentran la implementaci\u00f3n de una red de fibra \u00f3ptica en la comuna, como parte de su estrategia GovTech.<\/p>\n\n\n\n<figure class=\"wp-block-image size-large\"><img loading=\"lazy\" decoding=\"async\" width=\"1024\" height=\"768\" src=\"https:\/\/diariohiggins.cl\/portal\/wp-content\/uploads\/2023\/04\/340928715_565365428763956_1281328617883505821_n-1024x768.jpeg\" alt=\"\" class=\"wp-image-349\" srcset=\"https:\/\/www.diariohiggins.cl\/portal\/wp-content\/uploads\/2023\/04\/340928715_565365428763956_1281328617883505821_n-1024x768.jpeg 1024w, https:\/\/www.diariohiggins.cl\/portal\/wp-content\/uploads\/2023\/04\/340928715_565365428763956_1281328617883505821_n-300x225.jpeg 300w, https:\/\/www.diariohiggins.cl\/portal\/wp-content\/uploads\/2023\/04\/340928715_565365428763956_1281328617883505821_n-768x576.jpeg 768w, https:\/\/www.diariohiggins.cl\/portal\/wp-content\/uploads\/2023\/04\/340928715_565365428763956_1281328617883505821_n-1536x1152.jpeg 1536w, https:\/\/www.diariohiggins.cl\/portal\/wp-content\/uploads\/2023\/04\/340928715_565365428763956_1281328617883505821_n.jpeg 2048w\" sizes=\"auto, (max-width: 1024px) 100vw, 1024px\" \/><\/figure>\n\n\n\n<p>Los vecinos de Rengo han recibido con entusiasmo esta noticia, ya que ven en la telemedicina una oportunidad para mejorar su acceso a la salud y una forma de evitar largas esperas y desplazamientos. &#8220;Creo que es una excelente iniciativa, sobre todo para nosotros que vivimos en sectores rurales y muchas veces nos vemos en la necesidad de viajar a otras ciudades para recibir atenci\u00f3n m\u00e9dica&#8221;, coment\u00f3 uno de los habitantes.<\/p>\n","protected":false},"excerpt":{"rendered":"La comuna de Rengo da un paso m\u00e1s en su constante b\u00fasqueda de innovaci\u00f3n y mejora de la&hellip;\n","protected":false},"author":1,"featured_media":350,"comment_status":"open","ping_status":"open","sticky":false,"template":"","format":"standard","meta":{"footnotes":""},"categories":[17,10,12,9,11],"tags":[],"class_list":{"0":"post-346","1":"post","2":"type-post","3":"status-publish","4":"format-standard","5":"has-post-thumbnail","7":"category-actualidad","8":"category-comunal","9":"category-nacional","10":"category-portada","11":"category-regional"},"_links":{"self":[{"href":"https:\/\/www.diariohiggins.cl\/portal\/wp-json\/wp\/v2\/posts\/346","targetHints":{"allow":["GET"]}}],"collection":[{"href":"https:\/\/www.diariohiggins.cl\/portal\/wp-json\/wp\/v2\/posts"}],"about":[{"href":"https:\/\/www.diariohiggins.cl\/portal\/wp-json\/wp\/v2\/types\/post"}],"author":[{"embeddable":true,"href":"https:\/\/www.diariohiggins.cl\/portal\/wp-json\/wp\/v2\/users\/1"}],"replies":[{"embeddable":true,"href":"https:\/\/www.diariohiggins.cl\/portal\/wp-json\/wp\/v2\/comments?post=346"}],"version-history":[{"count":3,"href":"https:\/\/www.diariohiggins.cl\/portal\/wp-json\/wp\/v2\/posts\/346\/revisions"}],"predecessor-version":[{"id":354,"href":"https:\/\/www.diariohiggins.cl\/portal\/wp-json\/wp\/v2\/posts\/346\/revisions\/354"}],"wp:featuredmedia":[{"embeddable":true,"href":"https:\/\/www.diariohiggins.cl\/portal\/wp-json\/wp\/v2\/media\/350"}],"wp:attachment":[{"href":"https:\/\/www.diariohiggins.cl\/portal\/wp-json\/wp\/v2\/media?parent=346"}],"wp:term":[{"taxonomy":"category","embeddable":true,"href":"https:\/\/www.diariohiggins.cl\/portal\/wp-json\/wp\/v2\/categories?post=346"},{"taxonomy":"post_tag","embeddable":true,"href":"https:\/\/www.diariohiggins.cl\/portal\/wp-json\/wp\/v2\/tags?post=346"}],"curies":[{"name":"wp","href":"https:\/\/api.w.org\/{rel}","templated":true}]}}