{"id":340,"date":"2023-04-12T12:57:51","date_gmt":"2023-04-12T12:57:51","guid":{"rendered":"https:\/\/diariohiggins.cl\/portal\/?p=340"},"modified":"2023-04-12T12:57:52","modified_gmt":"2023-04-12T12:57:52","slug":"mas-de-230-mil-trabajadores-de-ohiggins-se-beneficiaran-con-la-reduccion-de-la-jornada-laboral-a-40-horas","status":"publish","type":"post","link":"https:\/\/www.diariohiggins.cl\/portal\/2023\/04\/12\/mas-de-230-mil-trabajadores-de-ohiggins-se-beneficiaran-con-la-reduccion-de-la-jornada-laboral-a-40-horas\/","title":{"rendered":"M\u00e1s de 230 mil trabajadores de O&#8217;Higgins se beneficiar\u00e1n con la reducci\u00f3n de la jornada laboral a 40 horas."},"content":{"rendered":"\n<p>Con 90 votos a favor, 52 en contra y 2 abstenciones, la C\u00e1mara de Diputados aprob\u00f3 este martes el proyecto de ley que reduce la jornada laboral de 45 a 40 horas semanales, beneficiando a m\u00e1s de 4 millones de empleados en todo el pa\u00eds con jornadas ordinarias, especiales y excepcionales, incluyendo trabajadores dom\u00e9sticos y aquellos en industrias como la miner\u00eda.<\/p>\n\n\n\n<p>Doris Rodr\u00edguez Zavalla, Secretaria Regional Ministerial (Seremi) de Trabajo y Previsi\u00f3n Social, afirm\u00f3 que la nueva ley mejorar\u00e1 la calidad de vida de m\u00e1s de 230,000 trabajadores en la regi\u00f3n de O&#8217;Higgins, protegidos por el C\u00f3digo del Trabajo. Rodr\u00edguez destac\u00f3 que la ley permitir\u00e1 a los trabajadores pasar m\u00e1s tiempo con sus familias y facilitar\u00e1 la incorporaci\u00f3n de las mujeres al mercado laboral.<\/p>\n\n\n\n<p>Despu\u00e9s de casi seis a\u00f1os de tramitaci\u00f3n en el Congreso y un amplio proceso de discusi\u00f3n entre actores pol\u00edticos, econ\u00f3micos y sociales, la implementaci\u00f3n de la ley ser\u00e1 gradual en un plazo m\u00e1ximo de cinco a\u00f1os. En el primer a\u00f1o de vigencia, la jornada laboral se reducir\u00e1 de 45 a 44 horas. Sin embargo, empleadores y empresarios pueden adoptar este cambio de inmediato, mejorando el equilibrio entre vida laboral y familiar sin afectar los salarios.<\/p>\n\n\n\n<p>Rodr\u00edguez resalt\u00f3 que 10 empresas de la regi\u00f3n ya han implementado voluntariamente la reducci\u00f3n de jornada laboral, obteniendo el &#8220;Sello 40 Horas&#8221; y mejorando la productividad en sectores como agricultura, salud, servicios y construcci\u00f3n. Esto ha resultado en una disminuci\u00f3n del absentismo y un mayor compromiso de los equipos de trabajo.<\/p>\n\n\n\n<p>Se espera que la iniciativa sea promulgada el pr\u00f3ximo 1 de mayo, D\u00eda Internacional del Trabajador. La ley permite acordar con los empleados que la jornada de 40 horas se cumpla en un promedio de hasta 4 semanas, con un m\u00e1ximo de 45 horas semanales. Adem\u00e1s, establece que empresas y sindicatos puedan pactar jornadas de hasta 52 horas para miembros sindicalizados, y que las horas extraordinarias se puedan compensar con cinco d\u00edas de vacaciones anuales, facilitando la conciliaci\u00f3n entre vida personal y laboral. Tambi\u00e9n se contempla la posibilidad de implementar una jornada laboral de cuatro d\u00edas trabajados por tres de descanso, conocida como 4&#215;3.<\/p>\n","protected":false},"excerpt":{"rendered":"Con 90 votos a favor, 52 en contra y 2 abstenciones, la C\u00e1mara de Diputados aprob\u00f3 este martes&hellip;\n","protected":false},"author":1,"featured_media":341,"comment_status":"open","ping_status":"open","sticky":false,"template":"","format":"standard","meta":{"footnotes":""},"categories":[17,12,9],"tags":[],"class_list":{"0":"post-340","1":"post","2":"type-post","3":"status-publish","4":"format-standard","5":"has-post-thumbnail","7":"category-actualidad","8":"category-nacional","9":"category-portada"},"_links":{"self":[{"href":"https:\/\/www.diariohiggins.cl\/portal\/wp-json\/wp\/v2\/posts\/340","targetHints":{"allow":["GET"]}}],"collection":[{"href":"https:\/\/www.diariohiggins.cl\/portal\/wp-json\/wp\/v2\/posts"}],"about":[{"href":"https:\/\/www.diariohiggins.cl\/portal\/wp-json\/wp\/v2\/types\/post"}],"author":[{"embeddable":true,"href":"https:\/\/www.diariohiggins.cl\/portal\/wp-json\/wp\/v2\/users\/1"}],"replies":[{"embeddable":true,"href":"https:\/\/www.diariohiggins.cl\/portal\/wp-json\/wp\/v2\/comments?post=340"}],"version-history":[{"count":1,"href":"https:\/\/www.diariohiggins.cl\/portal\/wp-json\/wp\/v2\/posts\/340\/revisions"}],"predecessor-version":[{"id":342,"href":"https:\/\/www.diariohiggins.cl\/portal\/wp-json\/wp\/v2\/posts\/340\/revisions\/342"}],"wp:featuredmedia":[{"embeddable":true,"href":"https:\/\/www.diariohiggins.cl\/portal\/wp-json\/wp\/v2\/media\/341"}],"wp:attachment":[{"href":"https:\/\/www.diariohiggins.cl\/portal\/wp-json\/wp\/v2\/media?parent=340"}],"wp:term":[{"taxonomy":"category","embeddable":true,"href":"https:\/\/www.diariohiggins.cl\/portal\/wp-json\/wp\/v2\/categories?post=340"},{"taxonomy":"post_tag","embeddable":true,"href":"https:\/\/www.diariohiggins.cl\/portal\/wp-json\/wp\/v2\/tags?post=340"}],"curies":[{"name":"wp","href":"https:\/\/api.w.org\/{rel}","templated":true}]}}