{"id":336,"date":"2023-04-12T12:32:52","date_gmt":"2023-04-12T12:32:52","guid":{"rendered":"https:\/\/diariohiggins.cl\/portal\/?p=336"},"modified":"2023-04-12T12:34:08","modified_gmt":"2023-04-12T12:34:08","slug":"tres-dias-de-duelo-en-pichilemu-por-muerte-de-concejal-hugo-toro-galaz","status":"publish","type":"post","link":"https:\/\/www.diariohiggins.cl\/portal\/2023\/04\/12\/tres-dias-de-duelo-en-pichilemu-por-muerte-de-concejal-hugo-toro-galaz\/","title":{"rendered":"Tres d\u00edas de duelo en Pichilemu por muerte de concejal Hugo Toro Galaz"},"content":{"rendered":"\n<p>La Municipalidad de Pichilemu decret\u00f3 duelo de tres d\u00edas, desde este martes y hasta el jueves 13 de abril, por la muerte del concejal Hugo Toro Galaz, quien perdi\u00f3 la vida en un accidente vehicular en la ruta 90, entre Marchig\u00fce y Alcones.<\/p>\n\n\n\n<p>En el decreto se ordena izar el pabell\u00f3n patrio a media asta en los recintos municipales y reparticiones p\u00fablica de la comuna, as\u00ed como tambi\u00e9n la suspensi\u00f3n de actos y ceremonias municipales con car\u00e1cter de celebraci\u00f3n.<\/p>\n\n\n\n<p>Tras conocerse la lamentable noticia, desde el municipio anunciaron que se suspend\u00eda la sesi\u00f3n de este martes del Concejo Municipal. El alcalde, Cristian Pozo Parraguez, a trav\u00e9s de sus redes sociales, expres\u00f3 condolencias a la familia y seres queridos del edil, y expres\u00f3:<\/p>\n\n\n\n<p>\u00abQuiero agradecer a Dios por permitirme conocerle, por haber tenido el placer de trabajar a su lado y por entregarme tan gratos momentos junto a su persona\u00bb.<\/p>\n\n\n\n<p>\u00abDon Hugo fue un concejal muy querido y comprometido con la comunidad, hecho que se releva en la tremenda votaci\u00f3n que obtuvo en los \u00faltimos comicios de 2021 donde alcanz\u00f3 la segunda mayor\u00eda\u00bb, destacaron en un comunicado desde el municipio.<\/p>\n\n\n\n<p>\u00abHombre alegre, con gran sentido del humor y mucho compromiso social, su gesti\u00f3n como concejal se caracteriz\u00f3 siempre por velar y atender a su comunidad. De hecho cada martes despu\u00e9s del Concejo Municipal, se daba el tiempo de recibir a la gran cantidad de personas que se congregaban a la salida de su oficina, siempre d\u00e1ndoles aliento y una palabra de esperanza\u00bb, puntualizaron.<\/p>\n","protected":false},"excerpt":{"rendered":"La Municipalidad de Pichilemu decret\u00f3 duelo de tres d\u00edas, desde este martes y hasta el jueves 13 de&hellip;\n","protected":false},"author":1,"featured_media":337,"comment_status":"open","ping_status":"open","sticky":false,"template":"","format":"standard","meta":{"footnotes":""},"categories":[17,10,9],"tags":[],"class_list":{"0":"post-336","1":"post","2":"type-post","3":"status-publish","4":"format-standard","5":"has-post-thumbnail","7":"category-actualidad","8":"category-comunal","9":"category-portada"},"_links":{"self":[{"href":"https:\/\/www.diariohiggins.cl\/portal\/wp-json\/wp\/v2\/posts\/336","targetHints":{"allow":["GET"]}}],"collection":[{"href":"https:\/\/www.diariohiggins.cl\/portal\/wp-json\/wp\/v2\/posts"}],"about":[{"href":"https:\/\/www.diariohiggins.cl\/portal\/wp-json\/wp\/v2\/types\/post"}],"author":[{"embeddable":true,"href":"https:\/\/www.diariohiggins.cl\/portal\/wp-json\/wp\/v2\/users\/1"}],"replies":[{"embeddable":true,"href":"https:\/\/www.diariohiggins.cl\/portal\/wp-json\/wp\/v2\/comments?post=336"}],"version-history":[{"count":2,"href":"https:\/\/www.diariohiggins.cl\/portal\/wp-json\/wp\/v2\/posts\/336\/revisions"}],"predecessor-version":[{"id":339,"href":"https:\/\/www.diariohiggins.cl\/portal\/wp-json\/wp\/v2\/posts\/336\/revisions\/339"}],"wp:featuredmedia":[{"embeddable":true,"href":"https:\/\/www.diariohiggins.cl\/portal\/wp-json\/wp\/v2\/media\/337"}],"wp:attachment":[{"href":"https:\/\/www.diariohiggins.cl\/portal\/wp-json\/wp\/v2\/media?parent=336"}],"wp:term":[{"taxonomy":"category","embeddable":true,"href":"https:\/\/www.diariohiggins.cl\/portal\/wp-json\/wp\/v2\/categories?post=336"},{"taxonomy":"post_tag","embeddable":true,"href":"https:\/\/www.diariohiggins.cl\/portal\/wp-json\/wp\/v2\/tags?post=336"}],"curies":[{"name":"wp","href":"https:\/\/api.w.org\/{rel}","templated":true}]}}