{"id":330,"date":"2023-04-12T12:17:34","date_gmt":"2023-04-12T12:17:34","guid":{"rendered":"https:\/\/diariohiggins.cl\/portal\/?p=330"},"modified":"2023-04-12T12:17:35","modified_gmt":"2023-04-12T12:17:35","slug":"municipio-essbio-siss-y-serviu-analizan-intervencion-de-pavimentos-en-san-fernando","status":"publish","type":"post","link":"https:\/\/www.diariohiggins.cl\/portal\/2023\/04\/12\/municipio-essbio-siss-y-serviu-analizan-intervencion-de-pavimentos-en-san-fernando\/","title":{"rendered":"Municipio, Essbio, Siss y Serviu, analizan intervenci\u00f3n de pavimentos en San Fernando"},"content":{"rendered":"\n<p>Una mesa de trabajo intersectorial de servicios b\u00e1sicos para analizar el avance de proyectos que se ejecutan en la comuna, acord\u00f3 este martes el Alcalde Pablo Silva P\u00e9rez; el jefe regional de la Superintendencia de Servicios Sanitarios de O\u2019Higgins, Patricio Bustos Barraza; el subgerente zonal de Essbio, Hern\u00e1n Berr\u00edos; y la encargada de rotura de pavimentos de Serviu, Selma Benavides.<br>\u00a0<br>De esta forma se abord\u00f3 la problem\u00e1tica que ha generado en diversos barrios de la capital de Colchagua la demora en los arreglos por filtraciones de agua potable en calles y veredas, y el atraso en la reposici\u00f3n del servicio y otros hechos que generan inconvenientes en la comunidad.<br>\u00a0<br>\u201cPlanteamos todos los problemas que tenemos en los distintos lugares de San Fernando y que grafic\u00f3 muy bien el representante de la Superintendencia de Servicios Sanitarios, quien dijo que el 80% de los baches que ten\u00eda la comuna eran responsabilidad de Essbio\u201d, indic\u00f3 el jefe comunal.<br>\u00a0<br>Silva P\u00e9rez anunci\u00f3 que el pr\u00f3ximo encuentro fue agendado para julio, instancia en que se invitar\u00e1 a participar a Compa\u00f1\u00eda General de Electricidad (CGE), a empresas de telefon\u00eda que operan en la zona, Superintendencia de Electricidad y Combustibles (SEC) y a los miembros del Concejo Comunal y del Cosoc. \u00a0<br>\u00a0<br>En tanto, el subgerente zonal de Essbio, Hern\u00e1n Berr\u00edos, dijo que la compa\u00f1\u00eda se impuso de la realidad de las reparaciones pendientes en la comuna, filtraciones que no se han atendido y la reposici\u00f3n de pavimentos. \u201cNosotros siempre estamos disponibles a seguir avanzando en el tema. Explicamos cu\u00e1l es la condici\u00f3n de los contratos de redes y tambi\u00e9n de los esfuerzos que estamos haciendo para reducir la cantidad de trabajos pendientes que tenemos en la comuna\u201d.<br>\u00a0<br>El ejecutivo asumi\u00f3 el compromiso de informar semanalmente de las intervenciones que realiza la sanitaria en la v\u00eda p\u00fablica, a fin de que se lleve un registro y se pueda hacer un seguimiento de los avances y que den respuesta oportuna a las inquietudes de la poblaci\u00f3n.<br>\u00a0<br>Similar apreciaci\u00f3n entreg\u00f3 el jefe regional de la Superintendencia de Servicios Sanitarios, Patricio Bustos Barraza, quien resalt\u00f3 que se haya definido un encuentro trimestral con los distintos servicios p\u00fablicos para revisar las mejoras que se tienen que efectuar en San Fernando. Plante\u00f3 que en el caso de Essbio haya una coordinaci\u00f3n con Serviu al momento de ejecutar faenas en la v\u00eda p\u00fablica y de este modo se aminoren los inconvenientes en la comunidad.<\/p>\n","protected":false},"excerpt":{"rendered":"Una mesa de trabajo intersectorial de servicios b\u00e1sicos para analizar el avance de proyectos que se ejecutan en&hellip;\n","protected":false},"author":1,"featured_media":331,"comment_status":"open","ping_status":"open","sticky":false,"template":"","format":"standard","meta":{"footnotes":""},"categories":[17,10,9],"tags":[],"class_list":{"0":"post-330","1":"post","2":"type-post","3":"status-publish","4":"format-standard","5":"has-post-thumbnail","7":"category-actualidad","8":"category-comunal","9":"category-portada"},"_links":{"self":[{"href":"https:\/\/www.diariohiggins.cl\/portal\/wp-json\/wp\/v2\/posts\/330","targetHints":{"allow":["GET"]}}],"collection":[{"href":"https:\/\/www.diariohiggins.cl\/portal\/wp-json\/wp\/v2\/posts"}],"about":[{"href":"https:\/\/www.diariohiggins.cl\/portal\/wp-json\/wp\/v2\/types\/post"}],"author":[{"embeddable":true,"href":"https:\/\/www.diariohiggins.cl\/portal\/wp-json\/wp\/v2\/users\/1"}],"replies":[{"embeddable":true,"href":"https:\/\/www.diariohiggins.cl\/portal\/wp-json\/wp\/v2\/comments?post=330"}],"version-history":[{"count":1,"href":"https:\/\/www.diariohiggins.cl\/portal\/wp-json\/wp\/v2\/posts\/330\/revisions"}],"predecessor-version":[{"id":332,"href":"https:\/\/www.diariohiggins.cl\/portal\/wp-json\/wp\/v2\/posts\/330\/revisions\/332"}],"wp:featuredmedia":[{"embeddable":true,"href":"https:\/\/www.diariohiggins.cl\/portal\/wp-json\/wp\/v2\/media\/331"}],"wp:attachment":[{"href":"https:\/\/www.diariohiggins.cl\/portal\/wp-json\/wp\/v2\/media?parent=330"}],"wp:term":[{"taxonomy":"category","embeddable":true,"href":"https:\/\/www.diariohiggins.cl\/portal\/wp-json\/wp\/v2\/categories?post=330"},{"taxonomy":"post_tag","embeddable":true,"href":"https:\/\/www.diariohiggins.cl\/portal\/wp-json\/wp\/v2\/tags?post=330"}],"curies":[{"name":"wp","href":"https:\/\/api.w.org\/{rel}","templated":true}]}}