{"id":322,"date":"2023-04-10T22:24:14","date_gmt":"2023-04-10T22:24:14","guid":{"rendered":"https:\/\/diariohiggins.cl\/portal\/?p=322"},"modified":"2023-04-10T22:29:11","modified_gmt":"2023-04-10T22:29:11","slug":"denuncias-de-acoso-sexual-y-laboral-en-la-moneda","status":"publish","type":"post","link":"https:\/\/www.diariohiggins.cl\/portal\/2023\/04\/10\/denuncias-de-acoso-sexual-y-laboral-en-la-moneda\/","title":{"rendered":"Denuncias de Acoso Sexual y Laboral en la Moneda"},"content":{"rendered":"\n<p><strong>Denuncias de Acoso Sexual y Laboral en la Moneda.<\/strong> <strong>En uno de los casos, la denunciada es la ex jefa de campa\u00f1a del Presidente Gabriel Boric y actual jefa de gabinete del Ministerio de la Mujer, Javiera Cabello.<\/strong><\/p>\n\n\n\n<p>La ministra vocera de Gobierno, Camila Vallejo, se refiri\u00f3 este lunes a dos denuncias de acoso sexual y laboral interpuestas que involucran a funcionarios de La Moneda. &#8220;En esto queremos ser muy claros y claras. En tema de denuncias de cualquier tipo el gobierno tiene un est\u00e1ndar que aplicar y no es m\u00e1s ni menos lo que dice la ley&#8221;, coment\u00f3 la ministra al reconocer ambos hechos. &#8220;Ac\u00e1 se est\u00e1 actuando con los protocolos establecidos (\u2026) Son instrumentos legales. Hay procedimientos y sumarios&#8221;, agreg\u00f3 la ministra Vallejo.<\/p>\n\n\n\n<p>Durante esta jornada, el medio Interferencia dio a conocer que en una demanda de tutela laboral interpuesta contra la Presidencia por una ex funcionaria, aborda un supuesto acoso sexual que habr\u00eda sufrida ella y una compa\u00f1era por parte de un colega de trabajo. Ambas fueron desvinculadas en diciembre del 2022. La demanda fue ingresada por Carmen Godoy Ib\u00e1\u00f1ez, quien se desempe\u00f1o en el Departamento de Patrimonio Cultural de Presidencia, quien adem\u00e1s denuncia maltratos y discriminaci\u00f3n, apuntando a su jefa directa en ese entonces, Paz Moreno Israel.<\/p>\n\n\n\n<p>Esto sumado a acusaciones de acoso contra un compa\u00f1ero de trabajo Francisco Cofr\u00e9. Por otro lado, seg\u00fan consign\u00f3 esta tarde La Tercera, existe una denuncia por maltrato laboral en contra de la ex jefa de campa\u00f1a del Presidente Gabriel Boric y actual jefa de gabinete del Ministerio de la Mujer, Javiera Cabello (Convergencia Social).<\/p>\n\n\n\n<p>El tema, que est\u00e1 siendo investigado, surgi\u00f3 a ra\u00edz de la acusaci\u00f3n de una funcionaria contratada v\u00eda concurso hace tres meses. En medio del proceso, la funcionaria fue reubicada en el gabinete de la subsecretar\u00eda de la cartera.<\/p>\n\n\n\n<p>La ministra evit\u00f3 comentar si en el primer caso el denunciado, Francisco Cofr\u00e9, hab\u00eda sido separado de sus funciones. &#8220;En estos casos no podemos dar detalles pues se resguarda a los denunciantes. Cada vez que se presenta un caso una denuncia lo que corresponde es activar los protocolos, no hacerlo es una irresponsabilidad&#8221;, a\u00f1adi\u00f3.<\/p>\n","protected":false},"excerpt":{"rendered":"Denuncias de Acoso Sexual y Laboral en la Moneda. En uno de los casos, la denunciada es la&hellip;\n","protected":false},"author":1,"featured_media":323,"comment_status":"open","ping_status":"open","sticky":false,"template":"","format":"standard","meta":{"footnotes":""},"categories":[17,12,9],"tags":[],"class_list":{"0":"post-322","1":"post","2":"type-post","3":"status-publish","4":"format-standard","5":"has-post-thumbnail","7":"category-actualidad","8":"category-nacional","9":"category-portada"},"_links":{"self":[{"href":"https:\/\/www.diariohiggins.cl\/portal\/wp-json\/wp\/v2\/posts\/322","targetHints":{"allow":["GET"]}}],"collection":[{"href":"https:\/\/www.diariohiggins.cl\/portal\/wp-json\/wp\/v2\/posts"}],"about":[{"href":"https:\/\/www.diariohiggins.cl\/portal\/wp-json\/wp\/v2\/types\/post"}],"author":[{"embeddable":true,"href":"https:\/\/www.diariohiggins.cl\/portal\/wp-json\/wp\/v2\/users\/1"}],"replies":[{"embeddable":true,"href":"https:\/\/www.diariohiggins.cl\/portal\/wp-json\/wp\/v2\/comments?post=322"}],"version-history":[{"count":2,"href":"https:\/\/www.diariohiggins.cl\/portal\/wp-json\/wp\/v2\/posts\/322\/revisions"}],"predecessor-version":[{"id":325,"href":"https:\/\/www.diariohiggins.cl\/portal\/wp-json\/wp\/v2\/posts\/322\/revisions\/325"}],"wp:featuredmedia":[{"embeddable":true,"href":"https:\/\/www.diariohiggins.cl\/portal\/wp-json\/wp\/v2\/media\/323"}],"wp:attachment":[{"href":"https:\/\/www.diariohiggins.cl\/portal\/wp-json\/wp\/v2\/media?parent=322"}],"wp:term":[{"taxonomy":"category","embeddable":true,"href":"https:\/\/www.diariohiggins.cl\/portal\/wp-json\/wp\/v2\/categories?post=322"},{"taxonomy":"post_tag","embeddable":true,"href":"https:\/\/www.diariohiggins.cl\/portal\/wp-json\/wp\/v2\/tags?post=322"}],"curies":[{"name":"wp","href":"https:\/\/api.w.org\/{rel}","templated":true}]}}