{"id":309,"date":"2023-04-10T21:57:34","date_gmt":"2023-04-10T21:57:34","guid":{"rendered":"https:\/\/diariohiggins.cl\/portal\/?p=309"},"modified":"2023-04-10T22:16:08","modified_gmt":"2023-04-10T22:16:08","slug":"fiscalizan-empresas-de-la-region-para-comprobar-cumplimiento-de-normas-sobre-malos-olores","status":"publish","type":"post","link":"https:\/\/www.diariohiggins.cl\/portal\/2023\/04\/10\/fiscalizan-empresas-de-la-region-para-comprobar-cumplimiento-de-normas-sobre-malos-olores\/","title":{"rendered":"Fiscalizan empresas de la regi\u00f3n para comprobar cumplimiento de normas sobre malos olores"},"content":{"rendered":"\n<p>La Seremi de Salud de O\u00b4Higgins comenz\u00f3 en Codegua, Mostazal y otras comunas de la regi\u00f3n fiscalizaciones a industrias que generan malos olores para verificar si cumplen con las normas medioambientales y sanitarias.<\/p>\n\n\n\n<p>La instituci\u00f3n inform\u00f3 a trav\u00e9s de un comunicado que estas visitas estar\u00e1n a cargo de las unidades de Control Ambiental y de Salud Ocupacional del Departamento de Acci\u00f3n Sanitaria y precis\u00f3 que el rubro de procesos c\u00e1rnicos es uno de los m\u00e1s inspeccionados.<\/p>\n\n\n\n<p>Luego de una visita a una empresa en Mostazal, la seremi Carolina Torres, expres\u00f3:<\/p>\n\n\n\n<p>\u201cSabemos que hay distintas comunidades de la regi\u00f3n que se ven afectadas por malos olores de industrias o peque\u00f1as empresas que realizan procesos de producci\u00f3n, por lo mismo, atendiendo la necesidad de los vecinos es que hemos dispuesto de nuestros equipos para realizar diversos recorridos\u201d.<\/p>\n\n\n\n<p>Los fiscalizadores revisar\u00e1n tambi\u00e9n que se cumpla con la Ley 16.744, orientada a reducir los riesgos de accidentes del trabajo y enfermedades profesionales.<\/p>\n\n\n\n<p>\u201cEl trabajo que se est\u00e1 efectuando naci\u00f3 gracias a conversaciones con las comunidades en los cabildos. En terreno se puede verificar las realidades de las comunidades y los problemas que afectan a las poblaciones\u00bb, puntualiz\u00f3 la seremi.<\/p>\n","protected":false},"excerpt":{"rendered":"La Seremi de Salud de O\u00b4Higgins comenz\u00f3 en Codegua, Mostazal y otras comunas de la regi\u00f3n fiscalizaciones a&hellip;\n","protected":false},"author":1,"featured_media":310,"comment_status":"open","ping_status":"open","sticky":false,"template":"","format":"standard","meta":{"footnotes":""},"categories":[17,9,11],"tags":[],"class_list":{"0":"post-309","1":"post","2":"type-post","3":"status-publish","4":"format-standard","5":"has-post-thumbnail","7":"category-actualidad","8":"category-portada","9":"category-regional"},"_links":{"self":[{"href":"https:\/\/www.diariohiggins.cl\/portal\/wp-json\/wp\/v2\/posts\/309","targetHints":{"allow":["GET"]}}],"collection":[{"href":"https:\/\/www.diariohiggins.cl\/portal\/wp-json\/wp\/v2\/posts"}],"about":[{"href":"https:\/\/www.diariohiggins.cl\/portal\/wp-json\/wp\/v2\/types\/post"}],"author":[{"embeddable":true,"href":"https:\/\/www.diariohiggins.cl\/portal\/wp-json\/wp\/v2\/users\/1"}],"replies":[{"embeddable":true,"href":"https:\/\/www.diariohiggins.cl\/portal\/wp-json\/wp\/v2\/comments?post=309"}],"version-history":[{"count":1,"href":"https:\/\/www.diariohiggins.cl\/portal\/wp-json\/wp\/v2\/posts\/309\/revisions"}],"predecessor-version":[{"id":311,"href":"https:\/\/www.diariohiggins.cl\/portal\/wp-json\/wp\/v2\/posts\/309\/revisions\/311"}],"wp:featuredmedia":[{"embeddable":true,"href":"https:\/\/www.diariohiggins.cl\/portal\/wp-json\/wp\/v2\/media\/310"}],"wp:attachment":[{"href":"https:\/\/www.diariohiggins.cl\/portal\/wp-json\/wp\/v2\/media?parent=309"}],"wp:term":[{"taxonomy":"category","embeddable":true,"href":"https:\/\/www.diariohiggins.cl\/portal\/wp-json\/wp\/v2\/categories?post=309"},{"taxonomy":"post_tag","embeddable":true,"href":"https:\/\/www.diariohiggins.cl\/portal\/wp-json\/wp\/v2\/tags?post=309"}],"curies":[{"name":"wp","href":"https:\/\/api.w.org\/{rel}","templated":true}]}}