{"id":306,"date":"2023-04-10T21:55:42","date_gmt":"2023-04-10T21:55:42","guid":{"rendered":"https:\/\/diariohiggins.cl\/portal\/?p=306"},"modified":"2023-04-10T21:55:44","modified_gmt":"2023-04-10T21:55:44","slug":"juan-sutil-candidato-a-consejero-constitucional-sobre-inseguridad-en-el-pais-estamos-en-el-fondo-de-un-problema-muy-grande","status":"publish","type":"post","link":"https:\/\/www.diariohiggins.cl\/portal\/2023\/04\/10\/juan-sutil-candidato-a-consejero-constitucional-sobre-inseguridad-en-el-pais-estamos-en-el-fondo-de-un-problema-muy-grande\/","title":{"rendered":"Juan Sutil, candidato a consejero constitucional, sobre inseguridad en el pa\u00eds: \u201cEstamos en el fondo de un problema muy grande&#8221;"},"content":{"rendered":"\n<p>A prop\u00f3sito de la violencia vivida en el pa\u00eds en los \u00faltimos d\u00edas, el candidato a consejero constitucional por la Regi\u00f3n de O\u2019Higgins, Juan Sutil, plante\u00f3 que la nueva Constituci\u00f3n es una oportunidad clara para mandatar todos aquellos aspectos relacionados con seguridad.<\/p>\n\n\n\n<p>\u201cC\u00f3mo deben funcionar las polic\u00edas, c\u00f3mo van a operar los estados de emergencia, tambi\u00e9n la seguridad nacional, tanto interna como externa. Respecto de las Fuerzas Armadas, c\u00f3mo se van a coordinar, c\u00f3mo tiene que actuar tambi\u00e9n el Ministerio P\u00fablico, la acci\u00f3n de la justicia. Todo esto se puede escribir y escribir correctamente\u201d, explic\u00f3 Sutil en conversaci\u00f3n con El Tip\u00f3grafo.<\/p>\n\n\n\n<p>Destac\u00f3 que para ello es necesario lograr una mayor\u00eda \u00abque respalde a quienes pensamos que esto es fundamental de resolver\u201d.<\/p>\n\n\n\n<p>\u201cEs importante que, en este proceso, tengamos una buena mayor\u00eda aquellos que pensamos que es importante la seguridad para Chile. Y tambi\u00e9n los que pensamos que es importante que las fuerzas de seguridad, la polic\u00eda, Carabineros y las Fuerzas Armadas tengan un rango constitucional clar\u00edsimo\u201d, enfatiz\u00f3.<\/p>\n\n\n\n<p>Sutil asever\u00f3 que estos temas no pueden estar sujetos a la voluntad de los gobiernos de turno y resalt\u00f3 que una Constituci\u00f3n que los mandate claramente \u201cno necesita liderazgos\u201d sino responsables que se hagan cargo de su funci\u00f3n.<\/p>\n\n\n\n<p>\u201cNo puede ser que esto dependa de la valent\u00eda de una persona (\u2026) Tenemos que depender de un mandato muy claro, para que las autoridades exijan, hagan y cumplan su rol\u201d, resalt\u00f3.<\/p>\n\n\n\n<p><strong>\u201cEstamos tocando fondo\u201d<\/strong><\/p>\n\n\n\n<p>Sobre los hechos de violencia y delincuencia que han estremecido al pa\u00eds en los \u00faltimos d\u00edas, Sutil consider\u00f3 que se trata de un problema muy grande y acot\u00f3 que \u201cestamos tocando fondo\u201d.<\/p>\n\n\n\n<p>\u201cEstamos viendo hechos que son totalmente reprochables, especialmente los asesinatos a carabineros\u201d, lament\u00f3.<\/p>\n\n\n\n<p>A su juicio, lo que corresponde es apoyar la acci\u00f3n de Carabineros y de las autoridades locales, perseguir la delincuencia y aplicar acciones concretas de prevenci\u00f3n, con acci\u00f3n inmediata.<\/p>\n\n\n\n<p>\u201cYo creo que cuando empiecen a ocurrir ese tipo de hechos y se vea a una fiscal\u00eda activa, donde el Poder Judicial proceda inmediatamente a condenar como corresponde, con las polic\u00edas en acci\u00f3n y con la comunidad tambi\u00e9n apoyando, se empezar\u00e1 a generar un cambio radical. De lo contrario, simplemente, vamos a seguir en declaraciones y no en hechos, que son los importantes hoy d\u00eda\u201d, puntualiz\u00f3.<\/p>\n","protected":false},"excerpt":{"rendered":"A prop\u00f3sito de la violencia vivida en el pa\u00eds en los \u00faltimos d\u00edas, el candidato a consejero constitucional&hellip;\n","protected":false},"author":1,"featured_media":307,"comment_status":"open","ping_status":"open","sticky":false,"template":"","format":"standard","meta":{"footnotes":""},"categories":[17,12,9,11],"tags":[],"class_list":{"0":"post-306","1":"post","2":"type-post","3":"status-publish","4":"format-standard","5":"has-post-thumbnail","7":"category-actualidad","8":"category-nacional","9":"category-portada","10":"category-regional"},"_links":{"self":[{"href":"https:\/\/www.diariohiggins.cl\/portal\/wp-json\/wp\/v2\/posts\/306","targetHints":{"allow":["GET"]}}],"collection":[{"href":"https:\/\/www.diariohiggins.cl\/portal\/wp-json\/wp\/v2\/posts"}],"about":[{"href":"https:\/\/www.diariohiggins.cl\/portal\/wp-json\/wp\/v2\/types\/post"}],"author":[{"embeddable":true,"href":"https:\/\/www.diariohiggins.cl\/portal\/wp-json\/wp\/v2\/users\/1"}],"replies":[{"embeddable":true,"href":"https:\/\/www.diariohiggins.cl\/portal\/wp-json\/wp\/v2\/comments?post=306"}],"version-history":[{"count":1,"href":"https:\/\/www.diariohiggins.cl\/portal\/wp-json\/wp\/v2\/posts\/306\/revisions"}],"predecessor-version":[{"id":308,"href":"https:\/\/www.diariohiggins.cl\/portal\/wp-json\/wp\/v2\/posts\/306\/revisions\/308"}],"wp:featuredmedia":[{"embeddable":true,"href":"https:\/\/www.diariohiggins.cl\/portal\/wp-json\/wp\/v2\/media\/307"}],"wp:attachment":[{"href":"https:\/\/www.diariohiggins.cl\/portal\/wp-json\/wp\/v2\/media?parent=306"}],"wp:term":[{"taxonomy":"category","embeddable":true,"href":"https:\/\/www.diariohiggins.cl\/portal\/wp-json\/wp\/v2\/categories?post=306"},{"taxonomy":"post_tag","embeddable":true,"href":"https:\/\/www.diariohiggins.cl\/portal\/wp-json\/wp\/v2\/tags?post=306"}],"curies":[{"name":"wp","href":"https:\/\/api.w.org\/{rel}","templated":true}]}}