{"id":303,"date":"2023-04-10T13:47:05","date_gmt":"2023-04-10T13:47:05","guid":{"rendered":"https:\/\/diariohiggins.cl\/portal\/?p=303"},"modified":"2023-04-10T22:16:19","modified_gmt":"2023-04-10T22:16:19","slug":"fiscal-nacional-asegura-que-vamos-a-seguir-buscando-a-los-que-faltan-tras-detencion-de-dos-imputados-por-asesinato-de-carabinero-daniel-palma","status":"publish","type":"post","link":"https:\/\/www.diariohiggins.cl\/portal\/2023\/04\/10\/fiscal-nacional-asegura-que-vamos-a-seguir-buscando-a-los-que-faltan-tras-detencion-de-dos-imputados-por-asesinato-de-carabinero-daniel-palma\/","title":{"rendered":"Fiscal Nacional asegura que \u201cvamos a seguir buscando a los que faltan\u201d tras detenci\u00f3n de dos imputados por asesinato de carabinero Daniel Palma"},"content":{"rendered":"\n<p>\u201c<strong>Parcialmente satisfechos<\/strong>\u201c, est\u00e1n en el Ministerio P\u00fablico, seg\u00fan asegur\u00f3 la ma\u00f1ana de este lunes el&nbsp;<strong>fiscal Nacional, \u00c1ngel Valencia,<\/strong>&nbsp;luego que se&nbsp;<a href=\"https:\/\/www.adnradio.cl\/nacional\/2023\/04\/10\/confirman-detencion-de-dos-personas-involucradas-en-la-muerte-de-carabinero-daniel-palma.html\" target=\"_blank\" rel=\"noreferrer noopener\">conociera la detenci\u00f3n<\/a>&nbsp;de&nbsp;<strong>dos imputados presuntamente involucrados en el asesinato del suboficial mayor de Carabineros, Daniel Palma Y\u00e1\u00f1ez.<\/strong><\/p>\n\n\n\n<p>Al ser consultado sobre la detenci\u00f3n, que se produjo en horas de la ma\u00f1ana de este lunes, el fiscal evit\u00f3 entregar mayores detalles debido a que primero se reunir\u00e1 junto al general director de Carabineros, Ricardo Y\u00e1\u00f1ez, y personeros de gobierno.<\/p>\n\n\n\n<p>Sin embargo, apunt\u00f3 escuetamente que \u201c<strong>efectivamente hay dos personas detenidas, las diligencias siguen en curso,<\/strong>&nbsp;ahora preferir\u00eda no entregar m\u00e1s informacion de aquello (\u2026) Hay dos personas detenidas,&nbsp;<strong>eso nos deja parcialmente satisfechos, vamos a seguir buscando a los que faltan<\/strong>\u201c.<\/p>\n\n\n\n<p>Por su parte, el subsecretario del Interior, Manuel Monsalve, quien se encontraba reunido con el persecutor nacional, tambi\u00e9n evit\u00f3 referirse en ese momento a la detenci\u00f3n de los sujetos, indicando que durante la ma\u00f1ana se dar\u00e1n m\u00e1s detalles del hecho.<\/p>\n\n\n\n<h2 id=\"detencion-de-luis-lugo-machado\" class=\"wp-block-heading\">Detenci\u00f3n de Luis Lugo Machado<\/h2>\n\n\n\n<p>Durante las primeras horas de la ma\u00f1ana de este lunes tanto la Fiscal\u00eda como Carabineros confirmaron que se logr\u00f3 la detenci\u00f3n de dos personas por el crimen del carabinero Daniel Palma, ocurrido la semana pasada en el centro de Santiago.<\/p>\n\n\n\n<p>Seg\u00fan se conoci\u00f3, uno de los imputados es&nbsp;<strong>Luis Lugo Machado<\/strong>, ciudadano de nacionalidad venezolana, que era&nbsp;<a href=\"https:\/\/www.adnradio.cl\/nacional\/2023\/04\/06\/confirman-que-vehiculo-involucrado-en-la-muerte-del-cabo-daniel-palma-participo-en-un-robo-en-vitacura.html\" target=\"_blank\" rel=\"noreferrer noopener\">uno de los indicados<\/a>&nbsp;como \u201cpersona de inter\u00e9s\u201d por la polic\u00eda uniformada y que era ampliamente buscado.<\/p>\n\n\n\n<p>Adem\u00e1s se detuvo a un sujeto identificado como&nbsp;<strong>Josu\u00e9 Garc\u00e9s Brice\u00f1o, quien habr\u00eda ayudado a dar con el paradero del otro detenido y&nbsp;<\/strong>que tambi\u00e9n estar\u00eda involucrado en el asesinato del funcionario de la polic\u00eda uniformada.<\/p>\n\n\n\n<p>Se espera que durante la ma\u00f1ana se entreguen mayores detalles de la detenci\u00f3n y se conozca qu\u00e9 delitos se le imputar\u00e1n a los sujetos.<\/p>\n","protected":false},"excerpt":{"rendered":"\u201cParcialmente satisfechos\u201c, est\u00e1n en el Ministerio P\u00fablico, seg\u00fan asegur\u00f3 la ma\u00f1ana de este lunes el&nbsp;fiscal Nacional, \u00c1ngel Valencia,&nbsp;luego&hellip;\n","protected":false},"author":1,"featured_media":304,"comment_status":"open","ping_status":"open","sticky":false,"template":"","format":"standard","meta":{"footnotes":""},"categories":[1,15,9],"tags":[],"class_list":{"0":"post-303","1":"post","2":"type-post","3":"status-publish","4":"format-standard","5":"has-post-thumbnail","7":"category-fashion","8":"category-policial","9":"category-portada"},"_links":{"self":[{"href":"https:\/\/www.diariohiggins.cl\/portal\/wp-json\/wp\/v2\/posts\/303","targetHints":{"allow":["GET"]}}],"collection":[{"href":"https:\/\/www.diariohiggins.cl\/portal\/wp-json\/wp\/v2\/posts"}],"about":[{"href":"https:\/\/www.diariohiggins.cl\/portal\/wp-json\/wp\/v2\/types\/post"}],"author":[{"embeddable":true,"href":"https:\/\/www.diariohiggins.cl\/portal\/wp-json\/wp\/v2\/users\/1"}],"replies":[{"embeddable":true,"href":"https:\/\/www.diariohiggins.cl\/portal\/wp-json\/wp\/v2\/comments?post=303"}],"version-history":[{"count":1,"href":"https:\/\/www.diariohiggins.cl\/portal\/wp-json\/wp\/v2\/posts\/303\/revisions"}],"predecessor-version":[{"id":305,"href":"https:\/\/www.diariohiggins.cl\/portal\/wp-json\/wp\/v2\/posts\/303\/revisions\/305"}],"wp:featuredmedia":[{"embeddable":true,"href":"https:\/\/www.diariohiggins.cl\/portal\/wp-json\/wp\/v2\/media\/304"}],"wp:attachment":[{"href":"https:\/\/www.diariohiggins.cl\/portal\/wp-json\/wp\/v2\/media?parent=303"}],"wp:term":[{"taxonomy":"category","embeddable":true,"href":"https:\/\/www.diariohiggins.cl\/portal\/wp-json\/wp\/v2\/categories?post=303"},{"taxonomy":"post_tag","embeddable":true,"href":"https:\/\/www.diariohiggins.cl\/portal\/wp-json\/wp\/v2\/tags?post=303"}],"curies":[{"name":"wp","href":"https:\/\/api.w.org\/{rel}","templated":true}]}}