{"id":300,"date":"2023-04-10T13:32:53","date_gmt":"2023-04-10T13:32:53","guid":{"rendered":"https:\/\/diariohiggins.cl\/portal\/?p=300"},"modified":"2023-04-10T13:34:27","modified_gmt":"2023-04-10T13:34:27","slug":"detienen-a-dos-presuntos-involucrados-en-la-muerte-del-suboficial-mayor-daniel-palma","status":"publish","type":"post","link":"https:\/\/www.diariohiggins.cl\/portal\/2023\/04\/10\/detienen-a-dos-presuntos-involucrados-en-la-muerte-del-suboficial-mayor-daniel-palma\/","title":{"rendered":"Detienen a dos presuntos involucrados en la muerte del suboficial mayor Daniel Palma"},"content":{"rendered":"\n<p>El OS-9 de Carabineros detuvo a dos sujetos presuntamente relacionados con el asesinato del suboficial mayor Daniel Palma Y\u00e1\u00f1ez, hecho ocurrido el mi\u00e9rcoles pasado en Santiago.<\/p>\n\n\n\n<p>Seg\u00fan las primeras informaciones, uno de los tantos operativos que se han realizado en los \u00faltimos d\u00edas, arrojaron resultados en la comuna de Quinta Normal, en la Regi\u00f3n Metropolitana temprano en la ma\u00f1ana de hoy.<\/p>\n\n\n\n<p>Hasta ahora, se ha indicado que de los detenidos, uno ser\u00eda de los catalogados \u00abde inter\u00e9s\u00bb por las autoridades, y estar\u00eda identificado como Luis Lugo.<\/p>\n\n\n\n<p>La Fiscal\u00eda Centro Norte en la Regi\u00f3n Metropolitana dio a conocer, en tanto, la fotograf\u00eda de una tercera persona que est\u00e1 siendo buscada por la polic\u00eda<\/p>\n\n\n\n<p>Hace pocos minutos, los sujetos fueron llevados a una unidad policial para luego pasar a control de detenci\u00f3n.<\/p>\n","protected":false},"excerpt":{"rendered":"El OS-9 de Carabineros detuvo a dos sujetos presuntamente relacionados con el asesinato del suboficial mayor Daniel Palma&hellip;\n","protected":false},"author":1,"featured_media":301,"comment_status":"open","ping_status":"open","sticky":false,"template":"","format":"standard","meta":{"footnotes":""},"categories":[17,12,15,9],"tags":[],"class_list":{"0":"post-300","1":"post","2":"type-post","3":"status-publish","4":"format-standard","5":"has-post-thumbnail","7":"category-actualidad","8":"category-nacional","9":"category-policial","10":"category-portada"},"_links":{"self":[{"href":"https:\/\/www.diariohiggins.cl\/portal\/wp-json\/wp\/v2\/posts\/300","targetHints":{"allow":["GET"]}}],"collection":[{"href":"https:\/\/www.diariohiggins.cl\/portal\/wp-json\/wp\/v2\/posts"}],"about":[{"href":"https:\/\/www.diariohiggins.cl\/portal\/wp-json\/wp\/v2\/types\/post"}],"author":[{"embeddable":true,"href":"https:\/\/www.diariohiggins.cl\/portal\/wp-json\/wp\/v2\/users\/1"}],"replies":[{"embeddable":true,"href":"https:\/\/www.diariohiggins.cl\/portal\/wp-json\/wp\/v2\/comments?post=300"}],"version-history":[{"count":1,"href":"https:\/\/www.diariohiggins.cl\/portal\/wp-json\/wp\/v2\/posts\/300\/revisions"}],"predecessor-version":[{"id":302,"href":"https:\/\/www.diariohiggins.cl\/portal\/wp-json\/wp\/v2\/posts\/300\/revisions\/302"}],"wp:featuredmedia":[{"embeddable":true,"href":"https:\/\/www.diariohiggins.cl\/portal\/wp-json\/wp\/v2\/media\/301"}],"wp:attachment":[{"href":"https:\/\/www.diariohiggins.cl\/portal\/wp-json\/wp\/v2\/media?parent=300"}],"wp:term":[{"taxonomy":"category","embeddable":true,"href":"https:\/\/www.diariohiggins.cl\/portal\/wp-json\/wp\/v2\/categories?post=300"},{"taxonomy":"post_tag","embeddable":true,"href":"https:\/\/www.diariohiggins.cl\/portal\/wp-json\/wp\/v2\/tags?post=300"}],"curies":[{"name":"wp","href":"https:\/\/api.w.org\/{rel}","templated":true}]}}