{"id":2964,"date":"2026-01-30T12:01:53","date_gmt":"2026-01-30T12:01:53","guid":{"rendered":"https:\/\/www.diariohiggins.cl\/portal\/?p=2964"},"modified":"2026-01-30T12:01:54","modified_gmt":"2026-01-30T12:01:54","slug":"mineduc-presento-la-actualizacion-de-la-estrategia-nacional-de-educacion-y-formacion-tecnico-profesional","status":"publish","type":"post","link":"https:\/\/www.diariohiggins.cl\/portal\/2026\/01\/30\/mineduc-presento-la-actualizacion-de-la-estrategia-nacional-de-educacion-y-formacion-tecnico-profesional\/","title":{"rendered":"Mineduc present\u00f3 la actualizaci\u00f3n de la Estrategia Nacional de Educaci\u00f3n y Formaci\u00f3n T\u00e9cnico Profesional"},"content":{"rendered":"\n<ul class=\"wp-block-list\">\n<li><em>El documento fue presentado por el ministro Nicol\u00e1s Cataldo como una hoja de ruta proyectada al 2050. \u201cEsta estrategia es un organismo vivo que debe revisarse cada cinco a\u00f1os, pero su esencia es innegociable: poner la educaci\u00f3n t\u00e9cnica al servicio de la dignidad humana y del progreso nacional\u201d, precis\u00f3.<\/em><\/li>\n<\/ul>\n\n\n\n<figure class=\"wp-block-image size-large\"><img loading=\"lazy\" decoding=\"async\" width=\"1024\" height=\"684\" src=\"https:\/\/www.diariohiggins.cl\/portal\/wp-content\/uploads\/2026\/01\/estrategia-nacional-educacion-y-TP-2-1024x684.jpeg\" alt=\"\" class=\"wp-image-2965\" srcset=\"https:\/\/www.diariohiggins.cl\/portal\/wp-content\/uploads\/2026\/01\/estrategia-nacional-educacion-y-TP-2-1024x684.jpeg 1024w, https:\/\/www.diariohiggins.cl\/portal\/wp-content\/uploads\/2026\/01\/estrategia-nacional-educacion-y-TP-2-300x200.jpeg 300w, https:\/\/www.diariohiggins.cl\/portal\/wp-content\/uploads\/2026\/01\/estrategia-nacional-educacion-y-TP-2-768x513.jpeg 768w, https:\/\/www.diariohiggins.cl\/portal\/wp-content\/uploads\/2026\/01\/estrategia-nacional-educacion-y-TP-2-1536x1026.jpeg 1536w, https:\/\/www.diariohiggins.cl\/portal\/wp-content\/uploads\/2026\/01\/estrategia-nacional-educacion-y-TP-2-2048x1368.jpeg 2048w, https:\/\/www.diariohiggins.cl\/portal\/wp-content\/uploads\/2026\/01\/estrategia-nacional-educacion-y-TP-2-110x73.jpeg 110w, https:\/\/www.diariohiggins.cl\/portal\/wp-content\/uploads\/2026\/01\/estrategia-nacional-educacion-y-TP-2-200x134.jpeg 200w, https:\/\/www.diariohiggins.cl\/portal\/wp-content\/uploads\/2026\/01\/estrategia-nacional-educacion-y-TP-2-380x254.jpeg 380w, https:\/\/www.diariohiggins.cl\/portal\/wp-content\/uploads\/2026\/01\/estrategia-nacional-educacion-y-TP-2-255x170.jpeg 255w, https:\/\/www.diariohiggins.cl\/portal\/wp-content\/uploads\/2026\/01\/estrategia-nacional-educacion-y-TP-2-550x367.jpeg 550w, https:\/\/www.diariohiggins.cl\/portal\/wp-content\/uploads\/2026\/01\/estrategia-nacional-educacion-y-TP-2-800x534.jpeg 800w, https:\/\/www.diariohiggins.cl\/portal\/wp-content\/uploads\/2026\/01\/estrategia-nacional-educacion-y-TP-2-1160x775.jpeg 1160w, https:\/\/www.diariohiggins.cl\/portal\/wp-content\/uploads\/2026\/01\/estrategia-nacional-educacion-y-TP-2-scaled.jpeg 2560w\" sizes=\"auto, (max-width: 1024px) 100vw, 1024px\" \/><\/figure>\n\n\n\n<p>El Consejo Asesor de Educaci\u00f3n y Formaci\u00f3n T\u00e9cnico Profesional, compuesto por actores p\u00fablicos y privados y presidido por el ministro de Educaci\u00f3n, Nicol\u00e1s Cataldo, present\u00f3 este jueves la Actualizaci\u00f3n de la Estrategia Nacional de Educaci\u00f3n y Formaci\u00f3n T\u00e9cnico Profesional, en una ceremonia realizada en el Taller Neptuno de Metro de Santiago.<\/p>\n\n\n\n<p>Este instrumento busca consolidar la Formaci\u00f3n T\u00e9cnico Profesional como un puente entre las capacidades humanas y las necesidades productivas del pa\u00eds, en l\u00ednea con las aspiraciones de estudiantes t\u00e9cnico profesionales de Educaci\u00f3n Media y Superior.<\/p>\n\n\n\n<p>Particularmente, la presente actualizaci\u00f3n destaca por su car\u00e1cter participativo y transversal, ya que el Consejo Asesor integr\u00f3 a grandes corporaciones p\u00fablicas y privadas, pymes, cooperativas \u2013principales generadoras de empleo en Chile- junto con la voz directa de docentes y la incorporaci\u00f3n de las aspiraciones de m\u00e1s de diez mil estudiantes a trav\u00e9s de un proceso participativo.<\/p>\n\n\n\n<p>El ministro de Educaci\u00f3n, Nicol\u00e1s Cataldo, explic\u00f3 que \u201cel valor de este acuerdo reside en su capacidad de trascender gobiernos para que quien asuma tome estos lineamientos como propios, entendiendo que en la Formaci\u00f3n T\u00e9cnico Profesional se juega el desarrollo productivo y la movilidad social de millones de chilenos. Esta Estrategia es un organismo vivo que debe revisarse cada cinco a\u00f1os, pero su esencia es innegociable: poner la educaci\u00f3n t\u00e9cnica al servicio de la dignidad humana y del progreso nacional. En tiempos de fragmentaci\u00f3n, este acuerdo nos recuerda que, cuando el objetivo es el bien com\u00fan, Chile es capaz de pensar con altura de miras y elegir lo que sea mejor para el pa\u00eds y sus estudiantes\u201d.<\/p>\n\n\n\n<p>De esta manera, la actualizaci\u00f3n de la estrategia busca avanzar hacia una gobernanza articulada que defina responsabilidades claras entre agentes p\u00fablicos y privados, y entre instituciones nacionales y regionales, promoviendo una descentralizaci\u00f3n efectiva para que la FTP sea un motor de desarrollo sostenible con pertinencia en cada territorio del pa\u00eds.<\/p>\n\n\n\n<p>Si bien la actualizaci\u00f3n, mandatada cada cinco a\u00f1os por la Ley 21.091, plantea objetivos para el pr\u00f3ximo quinquenio, esta versi\u00f3n establece lineamientos estrat\u00e9gicos con miras al 2050. Estos se encuentran centrados en superar la visi\u00f3n de las t\u00e9cnicas y los t\u00e9cnicos como ejecutores de tareas y potencia el tr\u00e1nsito hacia el concepto de \u201cAprendizajes para el Trabajo y la Vida\u201d. Entre las tem\u00e1ticas fundamentales que aborda destacan:<\/p>\n\n\n\n<p>&#8211;&nbsp;&nbsp;&nbsp;&nbsp;&nbsp;&nbsp; Infraestructura y formaci\u00f3n: Propiciar un avance en la experiencia de aprendizaje, fortaleciendo la infraestructura, el equipamiento y la formaci\u00f3n continua de docentes.<\/p>\n\n\n\n<p>&#8211;&nbsp;&nbsp;&nbsp;&nbsp;&nbsp;&nbsp; Flexibilidad y Trayectorias: Promover un sistema cohesionado y permeable que permita a las y los estudiantes transitar de manera fluida entre la educaci\u00f3n, la capacitaci\u00f3n y el mundo laboral.<\/p>\n\n\n\n<p>&#8211;&nbsp;&nbsp;&nbsp;&nbsp;&nbsp;&nbsp; Anticipaci\u00f3n Tecnol\u00f3gica: Adaptarse a la innovaci\u00f3n constante y las nuevas tecnolog\u00edas en el dinamismo del mundo laboral del siglo XXI.<\/p>\n\n\n\n<p>De esta manera, Sergio Morales, presidente del Consejo de Rectores Vertebral, sostuvo que \u201cel lanzamiento de la Estrategia tiene un sentido profundo para las instituciones t\u00e9cnicas, especialmente para las que est\u00e1n hoy agrupadas en el gremio Vertebral, que son todos los Institutos Profesionales y Centros de Formaci\u00f3n T\u00e9cnica acreditados. En la medida en que seamos capaces de ponerlo en pr\u00e1ctica con una participaci\u00f3n p\u00fablico-privada, pero tambi\u00e9n con los recursos que hay en Educaci\u00f3n Superior al servicio de esta Estrategia, tendr\u00e1 un gran impacto: m\u00e1s de 480 mil estudiantes t\u00e9cnicos de Educaci\u00f3n Superior se ver\u00e1n favorecidos por esta hoja de ruta&#8221;.<\/p>\n\n\n\n<p>La elecci\u00f3n del Taller Neptuno de Metro de Santiago para la ceremonia refuerza el sentido de la educaci\u00f3n t\u00e9cnica en terreno y el valor de la educaci\u00f3n dual. En esa l\u00ednea, Paulina del Campo, gerente de Comunicaciones y Sostenibilidad de Metro, indic\u00f3 que \u201cen Metro llevamos cerca de diez a\u00f1os impulsando la educaci\u00f3n dual como una herramienta concreta de formaci\u00f3n y desarrollo de personas. Hoy, tenemos estudiantes realizando su pr\u00e1ctica en distintos talleres de la red, y desde 2022 hemos logrado incorporar a varios de ellos a trabajar de manera permanente; generando una verdadera puerta de entrada a Metro. Este modelo no s\u00f3lo forma t\u00e9cnicos, sino que proyecta trayectorias de carrera y fortalece nuestro compromiso con el desarrollo interno\u201d.<\/p>\n\n\n\n<p>La Actualizaci\u00f3n de la Estrategia Nacional de Educaci\u00f3n y Formaci\u00f3n T\u00e9cnico Profesional estar\u00e1 disponible pronto para su descarga y revisi\u00f3n en el sitio web del Mineduc.<\/p>\n","protected":false},"excerpt":{"rendered":"El Consejo Asesor de Educaci\u00f3n y Formaci\u00f3n T\u00e9cnico Profesional, compuesto por actores p\u00fablicos y privados y presidido por&hellip;\n","protected":false},"author":4,"featured_media":2966,"comment_status":"closed","ping_status":"closed","sticky":false,"template":"","format":"standard","meta":{"footnotes":""},"categories":[23],"tags":[],"class_list":{"0":"post-2964","1":"post","2":"type-post","3":"status-publish","4":"format-standard","5":"has-post-thumbnail","7":"category-principal"},"_links":{"self":[{"href":"https:\/\/www.diariohiggins.cl\/portal\/wp-json\/wp\/v2\/posts\/2964","targetHints":{"allow":["GET"]}}],"collection":[{"href":"https:\/\/www.diariohiggins.cl\/portal\/wp-json\/wp\/v2\/posts"}],"about":[{"href":"https:\/\/www.diariohiggins.cl\/portal\/wp-json\/wp\/v2\/types\/post"}],"author":[{"embeddable":true,"href":"https:\/\/www.diariohiggins.cl\/portal\/wp-json\/wp\/v2\/users\/4"}],"replies":[{"embeddable":true,"href":"https:\/\/www.diariohiggins.cl\/portal\/wp-json\/wp\/v2\/comments?post=2964"}],"version-history":[{"count":1,"href":"https:\/\/www.diariohiggins.cl\/portal\/wp-json\/wp\/v2\/posts\/2964\/revisions"}],"predecessor-version":[{"id":2967,"href":"https:\/\/www.diariohiggins.cl\/portal\/wp-json\/wp\/v2\/posts\/2964\/revisions\/2967"}],"wp:featuredmedia":[{"embeddable":true,"href":"https:\/\/www.diariohiggins.cl\/portal\/wp-json\/wp\/v2\/media\/2966"}],"wp:attachment":[{"href":"https:\/\/www.diariohiggins.cl\/portal\/wp-json\/wp\/v2\/media?parent=2964"}],"wp:term":[{"taxonomy":"category","embeddable":true,"href":"https:\/\/www.diariohiggins.cl\/portal\/wp-json\/wp\/v2\/categories?post=2964"},{"taxonomy":"post_tag","embeddable":true,"href":"https:\/\/www.diariohiggins.cl\/portal\/wp-json\/wp\/v2\/tags?post=2964"}],"curies":[{"name":"wp","href":"https:\/\/api.w.org\/{rel}","templated":true}]}}