{"id":2960,"date":"2026-01-28T13:58:55","date_gmt":"2026-01-28T13:58:55","guid":{"rendered":"https:\/\/www.diariohiggins.cl\/portal\/?p=2960"},"modified":"2026-01-28T13:58:56","modified_gmt":"2026-01-28T13:58:56","slug":"sera-ley-congreso-nacional-despacha-proyecto-sobre-convivencia-buen-trato-y-bienestar-en-comunidades-educativas","status":"publish","type":"post","link":"https:\/\/www.diariohiggins.cl\/portal\/2026\/01\/28\/sera-ley-congreso-nacional-despacha-proyecto-sobre-convivencia-buen-trato-y-bienestar-en-comunidades-educativas\/","title":{"rendered":"Ser\u00e1 Ley: Congreso Nacional despacha proyecto sobre Convivencia, Buen Trato y Bienestar en comunidades educativas"},"content":{"rendered":"\n<ul class=\"wp-block-list\">\n<li><em>La iniciativa, que moderniza el marco normativo de convivencia escolar y fortalece el rol del Estado en la promoci\u00f3n del buen trato y la protecci\u00f3n del bienestar socioemocional fue aprobada por la Sala del Senado.<\/em><\/li>\n\n\n\n<li><em>Ahora la norma deber\u00e1 ser revisada por el Tribunal Constitucional para luego ser Ley de la Rep\u00fablica.<\/em><\/li>\n<\/ul>\n\n\n\n<figure class=\"wp-block-image size-large\"><img loading=\"lazy\" decoding=\"async\" width=\"1024\" height=\"768\" src=\"https:\/\/www.diariohiggins.cl\/portal\/wp-content\/uploads\/2026\/01\/dia-convivencia-malloa-1-1024x768.jpg\" alt=\"\" class=\"wp-image-2961\" srcset=\"https:\/\/www.diariohiggins.cl\/portal\/wp-content\/uploads\/2026\/01\/dia-convivencia-malloa-1-1024x768.jpg 1024w, https:\/\/www.diariohiggins.cl\/portal\/wp-content\/uploads\/2026\/01\/dia-convivencia-malloa-1-300x225.jpg 300w, https:\/\/www.diariohiggins.cl\/portal\/wp-content\/uploads\/2026\/01\/dia-convivencia-malloa-1-768x576.jpg 768w, https:\/\/www.diariohiggins.cl\/portal\/wp-content\/uploads\/2026\/01\/dia-convivencia-malloa-1-110x83.jpg 110w, https:\/\/www.diariohiggins.cl\/portal\/wp-content\/uploads\/2026\/01\/dia-convivencia-malloa-1-200x150.jpg 200w, https:\/\/www.diariohiggins.cl\/portal\/wp-content\/uploads\/2026\/01\/dia-convivencia-malloa-1-380x285.jpg 380w, https:\/\/www.diariohiggins.cl\/portal\/wp-content\/uploads\/2026\/01\/dia-convivencia-malloa-1-255x191.jpg 255w, https:\/\/www.diariohiggins.cl\/portal\/wp-content\/uploads\/2026\/01\/dia-convivencia-malloa-1-550x413.jpg 550w, https:\/\/www.diariohiggins.cl\/portal\/wp-content\/uploads\/2026\/01\/dia-convivencia-malloa-1-800x600.jpg 800w, https:\/\/www.diariohiggins.cl\/portal\/wp-content\/uploads\/2026\/01\/dia-convivencia-malloa-1-1160x870.jpg 1160w, https:\/\/www.diariohiggins.cl\/portal\/wp-content\/uploads\/2026\/01\/dia-convivencia-malloa-1.jpg 1280w\" sizes=\"auto, (max-width: 1024px) 100vw, 1024px\" \/><\/figure>\n\n\n\n<p>Luego de su paso por Comisi\u00f3n Mixta, el proyecto de ley sobre convivencia, buen trato y bienestar de las comunidades educativas, fue aprobado por 31 votos a favor por la Sala del Senado, el que ahora deber\u00e1 ser revisado por el Tribunal Constitucional, para luego ser promulgado como Ley de la Rep\u00fablica.<\/p>\n\n\n\n<p>La propuesta del Ejecutivo, aprobada por el Congreso Nacional, responde a los crecientes desaf\u00edos que enfrentan los establecimientos del pa\u00eds y que busca garantizar ambientes seguros, inclusivos y respetuosos para ni\u00f1os, ni\u00f1as, adolescentes y equipos educativos.<\/p>\n\n\n\n<p>El ministro de Educaci\u00f3n, Nicol\u00e1s Cataldo, valor\u00f3 la aprobaci\u00f3n del proyecto, destacando que se trata de una transformaci\u00f3n necesaria y de car\u00e1cter estructural. \u201cChile necesita este proyecto. Chile necesita la ley de convivencia. Nuestro sistema educativo lo precisa con urgencia. La investigaci\u00f3n y la evidencia nos indican que cuando los climas de los espacios educativos no son los adecuados, los aprendizajes no suceden o cuesta mucho que se puedan llevar adelante. Es por eso que, este proyecto, tiene un profundo sentido pedag\u00f3gico. No es solamente un tema de justicia en materia de Derechos Humanos, de respeto, de dignidad. Es tambi\u00e9n, sobre todo, un proyecto que busca y apunta a la excelencia y a la mejora del sistema educativo\u201d, indic\u00f3 el titular de Educaci\u00f3n.<\/p>\n\n\n\n<p>Asimismo, la autoridad enfatiz\u00f3 que este avance no solo aborda conflictos y situaciones de violencia, sino que instala una mirada formativa de largo plazo.<\/p>\n\n\n\n<p>Por su parte, la secretaria regional ministerial de Educaci\u00f3n de O\u00b4Higgins, SEREMI Alyson Hadad, subray\u00f3 que, si bien el sistema educativo ha mostrado mejoras sostenidas en asistencia, aprendizajes y revinculaci\u00f3n tras la pandemia, persiste una deuda en materia de bienestar, haciendo necesaria su aprobaci\u00f3n.<\/p>\n\n\n\n<p>\u201cEl indicador que tiene mayor rezago es precisamente el de la convivencia educativa y el bienestar socioemocional. Esto es una deuda que el Estado de Chile tiene con los ni\u00f1os y ni\u00f1as de nuestro pa\u00eds, con nuestro futuro, que al mismo tiempo tambi\u00e9n es nuestro presente\u201d, se\u00f1al\u00f3 la m\u00e1xima autoridad regional del MINEDUC.<\/p>\n\n\n\n<p><strong>Principales aspectos del proyecto<\/strong><\/p>\n\n\n\n<p>La propuesta aprobada establece un rol activo del Estado en la promoci\u00f3n del buen trato y la prevenci\u00f3n del acoso, la violencia y la discriminaci\u00f3n.<\/p>\n\n\n\n<p>Entre sus medidas destacan:<\/p>\n\n\n\n<p>\u2022&nbsp;&nbsp;&nbsp;&nbsp;&nbsp; Creaci\u00f3n de la Pol\u00edtica Nacional de Convivencia Educativa y un Plan de Acci\u00f3n Nacional con vigencia de ocho a\u00f1os, que articular\u00e1 acciones junto a ministerios como Seguridad P\u00fablica, Salud y Mujer y Equidad de G\u00e9nero.<\/p>\n\n\n\n<p>\u2022&nbsp;&nbsp;&nbsp;&nbsp;&nbsp; Coordinador o Coordinadora de Convivencia con dedicaci\u00f3n exclusiva en todos los establecimientos que reciben aportes del Estado, fortaleciendo la gesti\u00f3n interna y el acompa\u00f1amiento preventivo de los equipos escolares.<\/p>\n\n\n\n<p>\u2022&nbsp;&nbsp;&nbsp;&nbsp;&nbsp; Actualizaci\u00f3n de los Reglamentos Internos y Planes de Gesti\u00f3n de Convivencia, incorporando medidas preventivas frente a riesgos como violencia, consumo de drogas y mecanismos de detecci\u00f3n y derivaci\u00f3n de casos cr\u00edticos.<\/p>\n\n\n\n<p>\u2022&nbsp;&nbsp;&nbsp;&nbsp;&nbsp; Fortalecimiento de la Superintendencia de Educaci\u00f3n, otorg\u00e1ndole un rol m\u00e1s activo en fiscalizaci\u00f3n y apoyo preventivo. Adem\u00e1s, se crea el Sistema de Monitoreo de la Convivencia Educativa en la Agencia de Calidad.<\/p>\n\n\n\n<p>\u2022&nbsp;&nbsp;&nbsp;&nbsp;&nbsp; Actualizaci\u00f3n de la Ley General de Educaci\u00f3n y del Estatuto Docente, incorporando protocolos obligatorios contra acoso sexual y laboral, en l\u00ednea con la Ley N.\u00ba 21.643, y procedimientos para el reconocimiento de enfermedades profesionales vinculadas a la salud mental.<\/p>\n\n\n\n<p>Uno de los ejes transformadores del proyecto es el programa de bienestar socioemocional, que reorganiza la jornada escolar completa para fortalecer el v\u00ednculo, la participaci\u00f3n y el desarrollo integral, devolviendo el sentido a la jornada escolar completa, con la incorporaci\u00f3n de talleres deportivos, culturales y recreativos propuestos por las propias comunidades educativas.<\/p>\n","protected":false},"excerpt":{"rendered":"Luego de su paso por Comisi\u00f3n Mixta, el proyecto de ley sobre convivencia, buen trato y bienestar de&hellip;\n","protected":false},"author":4,"featured_media":2962,"comment_status":"closed","ping_status":"closed","sticky":false,"template":"","format":"standard","meta":{"footnotes":""},"categories":[23],"tags":[],"class_list":{"0":"post-2960","1":"post","2":"type-post","3":"status-publish","4":"format-standard","5":"has-post-thumbnail","7":"category-principal"},"_links":{"self":[{"href":"https:\/\/www.diariohiggins.cl\/portal\/wp-json\/wp\/v2\/posts\/2960","targetHints":{"allow":["GET"]}}],"collection":[{"href":"https:\/\/www.diariohiggins.cl\/portal\/wp-json\/wp\/v2\/posts"}],"about":[{"href":"https:\/\/www.diariohiggins.cl\/portal\/wp-json\/wp\/v2\/types\/post"}],"author":[{"embeddable":true,"href":"https:\/\/www.diariohiggins.cl\/portal\/wp-json\/wp\/v2\/users\/4"}],"replies":[{"embeddable":true,"href":"https:\/\/www.diariohiggins.cl\/portal\/wp-json\/wp\/v2\/comments?post=2960"}],"version-history":[{"count":1,"href":"https:\/\/www.diariohiggins.cl\/portal\/wp-json\/wp\/v2\/posts\/2960\/revisions"}],"predecessor-version":[{"id":2963,"href":"https:\/\/www.diariohiggins.cl\/portal\/wp-json\/wp\/v2\/posts\/2960\/revisions\/2963"}],"wp:featuredmedia":[{"embeddable":true,"href":"https:\/\/www.diariohiggins.cl\/portal\/wp-json\/wp\/v2\/media\/2962"}],"wp:attachment":[{"href":"https:\/\/www.diariohiggins.cl\/portal\/wp-json\/wp\/v2\/media?parent=2960"}],"wp:term":[{"taxonomy":"category","embeddable":true,"href":"https:\/\/www.diariohiggins.cl\/portal\/wp-json\/wp\/v2\/categories?post=2960"},{"taxonomy":"post_tag","embeddable":true,"href":"https:\/\/www.diariohiggins.cl\/portal\/wp-json\/wp\/v2\/tags?post=2960"}],"curies":[{"name":"wp","href":"https:\/\/api.w.org\/{rel}","templated":true}]}}