{"id":2953,"date":"2026-01-28T12:08:59","date_gmt":"2026-01-28T12:08:59","guid":{"rendered":"https:\/\/www.diariohiggins.cl\/portal\/?p=2953"},"modified":"2026-01-28T12:08:59","modified_gmt":"2026-01-28T12:08:59","slug":"mas-de-900-docentes-de-ohiggins-comenzaron-a-recibir-el-pago-de-la-segunda-cuota-de-la-deuda-historica","status":"publish","type":"post","link":"https:\/\/www.diariohiggins.cl\/portal\/2026\/01\/28\/mas-de-900-docentes-de-ohiggins-comenzaron-a-recibir-el-pago-de-la-segunda-cuota-de-la-deuda-historica\/","title":{"rendered":"M\u00e1s de 900 \u00a0docentes de O\u00b4Higgins comenzaron a recibir el pago de la segunda cuota de la Deuda Hist\u00f3rica"},"content":{"rendered":"\n<ul class=\"wp-block-list\">\n<li><em>As\u00ed lo inform\u00f3 la seremi de Educaci\u00f3n, Alyson Hadad, quien se\u00f1al\u00f3 que \u201clos mismos 997 docentes que recibieron ya el pago de la primera cuota han recibido el segundo pago entre el 23 y hasta hoy 28 de enero, completando as\u00ed \u00a0la reparaci\u00f3n de $4.500.000 al primer grupo de beneficiarios\u201d<\/em><\/li>\n<\/ul>\n\n\n\n<figure class=\"wp-block-image size-large\"><img loading=\"lazy\" decoding=\"async\" width=\"1024\" height=\"768\" src=\"https:\/\/www.diariohiggins.cl\/portal\/wp-content\/uploads\/2026\/01\/deuda-historica-7-1024x768.jpg\" alt=\"\" class=\"wp-image-2954\" srcset=\"https:\/\/www.diariohiggins.cl\/portal\/wp-content\/uploads\/2026\/01\/deuda-historica-7-1024x768.jpg 1024w, https:\/\/www.diariohiggins.cl\/portal\/wp-content\/uploads\/2026\/01\/deuda-historica-7-300x225.jpg 300w, https:\/\/www.diariohiggins.cl\/portal\/wp-content\/uploads\/2026\/01\/deuda-historica-7-768x576.jpg 768w, https:\/\/www.diariohiggins.cl\/portal\/wp-content\/uploads\/2026\/01\/deuda-historica-7-110x83.jpg 110w, https:\/\/www.diariohiggins.cl\/portal\/wp-content\/uploads\/2026\/01\/deuda-historica-7-200x150.jpg 200w, https:\/\/www.diariohiggins.cl\/portal\/wp-content\/uploads\/2026\/01\/deuda-historica-7-380x285.jpg 380w, https:\/\/www.diariohiggins.cl\/portal\/wp-content\/uploads\/2026\/01\/deuda-historica-7-255x191.jpg 255w, https:\/\/www.diariohiggins.cl\/portal\/wp-content\/uploads\/2026\/01\/deuda-historica-7-550x413.jpg 550w, https:\/\/www.diariohiggins.cl\/portal\/wp-content\/uploads\/2026\/01\/deuda-historica-7-800x600.jpg 800w, https:\/\/www.diariohiggins.cl\/portal\/wp-content\/uploads\/2026\/01\/deuda-historica-7-1160x870.jpg 1160w, https:\/\/www.diariohiggins.cl\/portal\/wp-content\/uploads\/2026\/01\/deuda-historica-7.jpg 1280w\" sizes=\"auto, (max-width: 1024px) 100vw, 1024px\" \/><\/figure>\n\n\n\n<p><strong>Rancagua, martes 28 de enero.<\/strong> La Tesorer\u00eda General de la Rep\u00fablica inform\u00f3 del pago de la segunda cuota de la Ley que da una soluci\u00f3n a la Deuda Hist\u00f3rica al primer grupo de beneficiarios, completando el pago del aporte por $4.500.000 a los 15.560 docentes que son parte de la primera cohorte.<\/p>\n\n\n\n<p>Este hito se enmarca en la implementaci\u00f3n de la Ley N\u00b0 21.728, aprobada en enero de 2025, en cumplimiento del compromiso adquirido por el Presidente Gabriel Boric, que establece un aporte econ\u00f3mico para las y los docentes afectados por el traspaso de la educaci\u00f3n p\u00fablica a los municipios durante la d\u00e9cada de 1980.<\/p>\n\n\n\n<p>El pago de esta segunda cuota se realizar\u00e1 a trav\u00e9s de la Tesorer\u00eda General de la Rep\u00fablica y comenz\u00f3 a pagarse desde este viernes 23 hasta el mi\u00e9rcoles 28 de enero de 2026. El monto total a ejecutar, considerando el pago de la primera y segunda cuota de este primer grupo de beneficiarios, asciende a $70.016 millones.<\/p>\n\n\n\n<p><strong>\u00bfC\u00f3mo recibir el pago?<\/strong><\/p>\n\n\n\n<p>La secretaria regional ministerial de Educaci\u00f3n, Alyson Hadad, se\u00f1al\u00f3 que:<\/p>\n\n\n\n<p>\u201cPara esta segunda cuota, los beneficiarios del primer grupo que ingresaron una cuenta bancaria v\u00e1lida recibir\u00e1n el pago en esa misma cuenta, tal como ocurri\u00f3 con este grupo de docentes para el pago de la primera cuota\u201d.<\/p>\n\n\n\n<p>\u201cEn caso de que no se haya informado la cuenta bancaria, o que la informada no cumpla con los requisitos establecidos, la p\u00e1gina web de Tesorer\u00eda General de la Rep\u00fablica permitir\u00e1 modificar la informaci\u00f3n de pago desde este 23 de enero. Este tr\u00e1mite se podr\u00e1 realizar en: <a href=\"http:\/\/www.tgr.cl\">www.tgr.cl<\/a> \u201c, indic\u00f3 la autoridad.<\/p>\n\n\n\n<p>De no disponer o no haber informado una cuenta bancaria, el pago se podr\u00e1 solicitar en cualquier sucursal del Banco Estado.<\/p>\n\n\n\n<p><strong>\u00bfC\u00f3mo ser parte de alguno de los siguientes grupos de pago?<\/strong><\/p>\n\n\n\n<p>Para recibir este aporte, existe un \u00fanico proceso de postulaci\u00f3n. Las y los docentes que a\u00fan no han entregado los antecedentes necesarios para cumplir con los requisitos establecidos en la Ley N\u00b0 21.728, podr\u00e1n realizar este tr\u00e1mite hasta el 31 de diciembre de 2026, haciendo clic en el bot\u00f3n \u201cIngresa a la plataforma para entrega de informaci\u00f3n\u201d en el sitio <a href=\"http:\/\/www.soluciondeudahistorica.mineduc.cl\">www.soluciondeudahistorica.mineduc.cl<\/a>&nbsp; &nbsp;con su RUT y su Clave \u00danica.<\/p>\n\n\n\n<p>Quienes ya realizaron este tr\u00e1mite podr\u00e1n consultar el estado de su solicitud en la misma web, pinchando en el bot\u00f3n \u201cIngresa a la plataforma para revisar el estado de tu tr\u00e1mite\u201d, accediendo tambi\u00e9n con RUT y Clave \u00danica.<\/p>\n\n\n\n<p>\u201cLos grupos de pago se definen cada a\u00f1o, priorizando a las personas de mayor edad que, al momento de la asignaci\u00f3n, cumplan con todos los requisitos establecidos en la ley. El segundo grupo de pago correspondiente al a\u00f1o 2026 recibir\u00e1 la primera cuota en octubre de este a\u00f1o y la segunda en enero de 2027\u201d, explic\u00f3 la seremi Alyson Hadad.<\/p>\n\n\n\n<p><strong>Soluci\u00f3n ante demandas contra el Estado de Chile<\/strong><\/p>\n\n\n\n<p>El Gobierno ingres\u00f3 una indicaci\u00f3n en la Ley de Reajuste, recientemente aprobada por el Congreso Nacional, que permitir\u00e1 que quienes son parte de la demanda por deuda hist\u00f3rica ante la Comisi\u00f3n Interamericana de Derechos Humanos (CIDH), puedan acceder al pago establecido en la Ley 21.728 adjuntando entre sus antecedentes la solicitud del desistimiento de dicha causa.<\/p>\n\n\n\n<p>De este modo, se agiliza el cumplimiento del requisito de desistir de acciones judiciales vigentes para quienes sean parte de este caso, evitando que este grupo de docentes deban contar con la confirmaci\u00f3n del desistimiento a esta causa por parte de la CIDH.<\/p>\n\n\n\n<p>Considerando lo anterior, los docentes que se encuentren en esta situaci\u00f3n, que entreguen su solicitud de desistimiento en el tr\u00e1mite disponible en la web soluciondeudahistorica.mineduc.cl\/, y en caso de que cumplan con los dem\u00e1s criterios establecidos en la ley, quedar\u00e1n habilitados para recibir su pago en los siguientes grupos. Lo anterior, considerando que los cupos de pago se asignan de acuerdo con la disponibilidad anual de cupos, y priorizando a las personas de mayor edad, como lo establece la ley.<\/p>\n","protected":false},"excerpt":{"rendered":"Rancagua, martes 28 de enero. La Tesorer\u00eda General de la Rep\u00fablica inform\u00f3 del pago de la segunda cuota&hellip;\n","protected":false},"author":4,"featured_media":2955,"comment_status":"closed","ping_status":"closed","sticky":false,"template":"","format":"standard","meta":{"footnotes":""},"categories":[23],"tags":[],"class_list":{"0":"post-2953","1":"post","2":"type-post","3":"status-publish","4":"format-standard","5":"has-post-thumbnail","7":"category-principal"},"_links":{"self":[{"href":"https:\/\/www.diariohiggins.cl\/portal\/wp-json\/wp\/v2\/posts\/2953","targetHints":{"allow":["GET"]}}],"collection":[{"href":"https:\/\/www.diariohiggins.cl\/portal\/wp-json\/wp\/v2\/posts"}],"about":[{"href":"https:\/\/www.diariohiggins.cl\/portal\/wp-json\/wp\/v2\/types\/post"}],"author":[{"embeddable":true,"href":"https:\/\/www.diariohiggins.cl\/portal\/wp-json\/wp\/v2\/users\/4"}],"replies":[{"embeddable":true,"href":"https:\/\/www.diariohiggins.cl\/portal\/wp-json\/wp\/v2\/comments?post=2953"}],"version-history":[{"count":1,"href":"https:\/\/www.diariohiggins.cl\/portal\/wp-json\/wp\/v2\/posts\/2953\/revisions"}],"predecessor-version":[{"id":2956,"href":"https:\/\/www.diariohiggins.cl\/portal\/wp-json\/wp\/v2\/posts\/2953\/revisions\/2956"}],"wp:featuredmedia":[{"embeddable":true,"href":"https:\/\/www.diariohiggins.cl\/portal\/wp-json\/wp\/v2\/media\/2955"}],"wp:attachment":[{"href":"https:\/\/www.diariohiggins.cl\/portal\/wp-json\/wp\/v2\/media?parent=2953"}],"wp:term":[{"taxonomy":"category","embeddable":true,"href":"https:\/\/www.diariohiggins.cl\/portal\/wp-json\/wp\/v2\/categories?post=2953"},{"taxonomy":"post_tag","embeddable":true,"href":"https:\/\/www.diariohiggins.cl\/portal\/wp-json\/wp\/v2\/tags?post=2953"}],"curies":[{"name":"wp","href":"https:\/\/api.w.org\/{rel}","templated":true}]}}