{"id":2935,"date":"2026-01-23T15:24:56","date_gmt":"2026-01-23T15:24:56","guid":{"rendered":"https:\/\/www.diariohiggins.cl\/portal\/?p=2935"},"modified":"2026-01-23T15:24:56","modified_gmt":"2026-01-23T15:24:56","slug":"estamos-pagando-con-nuestra-salud-pacientes-alertan-consecuencias-graves-por-paralizacion-de-la-ley-ricarte-soto","status":"publish","type":"post","link":"https:\/\/www.diariohiggins.cl\/portal\/2026\/01\/23\/estamos-pagando-con-nuestra-salud-pacientes-alertan-consecuencias-graves-por-paralizacion-de-la-ley-ricarte-soto\/","title":{"rendered":"\u201cEstamos pagando con nuestra salud\u201d: pacientes alertan consecuencias graves por paralizaci\u00f3n de la Ley Ricarte Soto"},"content":{"rendered":"\n<p><em>A la salida de la Contralor\u00eda General de la Rep\u00fablica, organizaciones de pacientes y el senador Juan Luis Castro, se\u00f1alaron que presentaron un requerimiento para que se revise la legalidad de la suspensi\u00f3n indefinida del proceso 2025 de actualizaci\u00f3n de la ley.<\/em><\/p>\n\n\n\n<p>Organizaciones de pacientes y autoridades advirtieron las graves consecuencias de la suspensi\u00f3n indefinida del proceso 2025 de actualizaci\u00f3n de la Ley Ricarte Soto, que mantiene detenida la evaluaci\u00f3n de 39 tratamientos de alto costo desde el 23 de diciembre de 2025.\u00a0 Estas declaraciones fueron emitidas tras acudir a la Contralor\u00eda General de la Rep\u00fablica para solicitar formalmente que se fiscalice la legalidad de esta paralizaci\u00f3n.<\/p>\n\n\n\n<p>La suspensi\u00f3n, atribuida a la falta del informe presupuestario obligatorio del Ministerio de Hacienda a trav\u00e9s de la Direcci\u00f3n de Presupuestos (DIPRES), afecta a m\u00e1s de 45 mil beneficiarios actuales y a miles de potenciales nuevos pacientes, generando incertidumbre, deterioro en la calidad de vida y debilitando una pol\u00edtica p\u00fablica clave en salud.<\/p>\n\n\n\n<p>Natalia Gonz\u00e1lez, presidenta de Fundaci\u00f3n Espondiloartritis Chile, diagnosticada hace 12 a\u00f1os y actualmente financiando su tratamiento biol\u00f3gico con recursos propios, advirti\u00f3 que la falta de cobertura est\u00e1 empujando a muchos pacientes hacia la discapacidad temprana. Record\u00f3 que personas que lucharon por la creaci\u00f3n de la ley hoy ya no pueden caminar, mientras nuevas generaciones enfrentan el riesgo de perder autonom\u00eda antes de los 40 a\u00f1os. \u201cNo estamos pidiendo favores, s\u00f3lo igualdad en el acceso a medicamentos para poder seguir trabajando, estudiando y aportando al pa\u00eds\u201d, se\u00f1al\u00f3, destacando el alto costo emocional, familiar y econ\u00f3mico que enfrentan.<\/p>\n\n\n\n<p>En la misma l\u00ednea, Crist\u00f3bal Salazar, director de Fundaci\u00f3n Padece, quien vive con dermatitis at\u00f3pica grave desde su nacimiento, relat\u00f3 el impacto cotidiano de la enfermedad y la urgencia de contar con tratamientos continuos. \u201cSabemos que existen medicamentos que pueden mejorar nuestra calidad de vida, pero seguimos sin respuestas. Sin ellos, vivir el d\u00eda a d\u00eda como una persona normal es extremadamente dif\u00edcil\u201d, afirm\u00f3, enfatizando la incertidumbre permanente y la escasa visibilizaci\u00f3n de patolog\u00edas cr\u00f3nicas y poco conocidas.<\/p>\n\n\n\n<p>Por su parte, Cecilia Rodr\u00edguez, directora de Fundaci\u00f3n Me Muevo (Artritis Reumatoide), alert\u00f3 que la detenci\u00f3n de decretos y el incumplimiento de los plazos administrativos est\u00e1n afectando no solo la salud f\u00edsica, sino tambi\u00e9n la salud mental de los pacientes. \u201cLa incertidumbre se ha intensificado por la falta de avances concretos. Creemos que no es justo que los incumplimientos del Estado los pague la ciudadan\u00eda con su salud o su vida\u201d, sostuvo, subrayando el impacto emocional en pacientes y sus familias.<\/p>\n\n\n\n<p>Mar\u00eda Isabel Herrera, representante de la Asociaci\u00f3n Chilena de Hipertensi\u00f3n Pulmonar, advirti\u00f3 que, desde la experiencia de una enfermedad rara, cr\u00f3nica y de r\u00e1pida progresi\u00f3n, el incumplimiento del listado de tratamientos ha provocado deterioros irreversibles e incluso decesos en pacientes. \u201cEstamos pagando con vidas la falta de respuestas oportunas. Esto genera desesperanza, desgaste psicol\u00f3gico y un profundo sentimiento de abandono, tanto en los pacientes como en sus entornos familiares\u201d, expres\u00f3.<\/p>\n\n\n\n<p>El senador Juan Luis Castro, representante por la regi\u00f3n de O&#8217;Higgins e integrante de la comisi\u00f3n de Salud de la C\u00e1mara Alta, calific\u00f3 la situaci\u00f3n como grave e inaceptable, se\u00f1alando que la falta de acci\u00f3n del Ministerio de Hacienda y de la Direcci\u00f3n de Presupuestos est\u00e1 dejando a decenas de miles de pacientes en el abandono. Denunci\u00f3 un \u201csilencio c\u00f3mplice\u201d que traslada la responsabilidad al pr\u00f3ximo Gobierno, mientras personas con enfermedades de alto costo deben endeudarse, buscar donaciones o costear tratamientos esenciales por cuenta propia.<\/p>\n\n\n\n<p>\u201cComo m\u00e9dico y parlamentario, me duele profundamente que el Estado no est\u00e9 respondiendo a quienes m\u00e1s lo necesitan. Por eso hemos solicitado a la Contralor\u00eda General de la Rep\u00fablica que fiscalice la legalidad de esta suspensi\u00f3n indefinida y exigimos la disponibilidad urgente de recursos para evitar que la Ley Ricarte Soto muera en la pr\u00e1ctica\u201d, concluy\u00f3.<\/p>\n","protected":false},"excerpt":{"rendered":"A la salida de la Contralor\u00eda General de la Rep\u00fablica, organizaciones de pacientes y el senador Juan Luis&hellip;\n","protected":false},"author":7,"featured_media":2934,"comment_status":"open","ping_status":"closed","sticky":false,"template":"","format":"standard","meta":{"footnotes":""},"categories":[],"tags":[],"class_list":["post-2935","post","type-post","status-publish","format-standard","has-post-thumbnail"],"_links":{"self":[{"href":"https:\/\/www.diariohiggins.cl\/portal\/wp-json\/wp\/v2\/posts\/2935","targetHints":{"allow":["GET"]}}],"collection":[{"href":"https:\/\/www.diariohiggins.cl\/portal\/wp-json\/wp\/v2\/posts"}],"about":[{"href":"https:\/\/www.diariohiggins.cl\/portal\/wp-json\/wp\/v2\/types\/post"}],"author":[{"embeddable":true,"href":"https:\/\/www.diariohiggins.cl\/portal\/wp-json\/wp\/v2\/users\/7"}],"replies":[{"embeddable":true,"href":"https:\/\/www.diariohiggins.cl\/portal\/wp-json\/wp\/v2\/comments?post=2935"}],"version-history":[{"count":1,"href":"https:\/\/www.diariohiggins.cl\/portal\/wp-json\/wp\/v2\/posts\/2935\/revisions"}],"predecessor-version":[{"id":2936,"href":"https:\/\/www.diariohiggins.cl\/portal\/wp-json\/wp\/v2\/posts\/2935\/revisions\/2936"}],"wp:featuredmedia":[{"embeddable":true,"href":"https:\/\/www.diariohiggins.cl\/portal\/wp-json\/wp\/v2\/media\/2934"}],"wp:attachment":[{"href":"https:\/\/www.diariohiggins.cl\/portal\/wp-json\/wp\/v2\/media?parent=2935"}],"wp:term":[{"taxonomy":"category","embeddable":true,"href":"https:\/\/www.diariohiggins.cl\/portal\/wp-json\/wp\/v2\/categories?post=2935"},{"taxonomy":"post_tag","embeddable":true,"href":"https:\/\/www.diariohiggins.cl\/portal\/wp-json\/wp\/v2\/tags?post=2935"}],"curies":[{"name":"wp","href":"https:\/\/api.w.org\/{rel}","templated":true}]}}