{"id":2914,"date":"2026-01-22T19:46:18","date_gmt":"2026-01-22T19:46:18","guid":{"rendered":"https:\/\/www.diariohiggins.cl\/portal\/?p=2914"},"modified":"2026-01-22T19:53:01","modified_gmt":"2026-01-22T19:53:01","slug":"senador-castro-ps-solicita-a-contraloria-pronunciarse-frente-a-la-suspension-de-la-ley-ricarte-soto","status":"publish","type":"post","link":"https:\/\/www.diariohiggins.cl\/portal\/2026\/01\/22\/senador-castro-ps-solicita-a-contraloria-pronunciarse-frente-a-la-suspension-de-la-ley-ricarte-soto\/","title":{"rendered":"Senador Castro (PS) solicita a Contralor\u00eda pronunciarse frente a la suspensi\u00f3n de la Ley Ricarte Soto"},"content":{"rendered":"<p style=\"font-weight: 400;\">Durante la jornada de este jueves, el senador Juan Luis Castro present\u00f3 una solicitud de pronunciamiento ante la Contralor\u00eda General de la Rep\u00fablica (CGR) para que se determine la legalidad de la suspensi\u00f3n de la ley Ricarte Soto, situaci\u00f3n que mantiene detenido el proceso de evaluaci\u00f3n de 39 terapias y afecta a m\u00e1s de 30 mil pacientes.<\/p>\n<p style=\"font-weight: 400;\">En la instancia, el parlamentario formul\u00f3 duras cr\u00edticas a la decisi\u00f3n del Ministerio de Salud (Minsal), asegurando que \u201choy se les est\u00e1n negando los recursos a 30 mil pacientes que quedan a la deriva, en un silencio c\u00f3mplice que traslada el problema al pr\u00f3ximo gobierno\u201d.<\/p>\n<p style=\"font-weight: 400;\">La resoluci\u00f3n cuestionada no establece un plazo para la reanudaci\u00f3n del procedimiento y, a la fecha, mantiene en suspenso la evaluaci\u00f3n de 39 terapias de alto costo, impactando a m\u00e1s de 30 mil personas. Frente a este escenario, el senador solicit\u00f3 a la Contralor\u00eda emitir un pronunciamiento respecto de las medidas adoptadas por el Ejecutivo.<\/p>\n<p style=\"font-weight: 400;\">De acuerdo con la denuncia, ha transcurrido un mes desde la paralizaci\u00f3n del decreto, la cual qued\u00f3 supeditada a la emisi\u00f3n de un informe de disponibilidad presupuestaria por parte del Ministerio de Hacienda.<\/p>\n<p style=\"font-weight: 400;\">En su presentaci\u00f3n, Castro pidi\u00f3 al organismo fiscalizador que emita un pronunciamiento jur\u00eddico y audite el procedimiento administrativo para verificar el cumplimiento de las etapas establecidas. Asimismo, solicit\u00f3 que se revise la actuaci\u00f3n del Ministerio de Hacienda y de la Direcci\u00f3n de Presupuestos, respecto del informe pendiente, y que se determinen eventuales responsabilidades administrativas.<\/p>\n<p style=\"font-weight: 400;\">Pacientes se suman a la denuncia<\/p>\n<p style=\"font-weight: 400;\">El senador realiz\u00f3 la presentaci\u00f3n acompa\u00f1ado de pacientes afectados por la suspensi\u00f3n, quienes manifestaron su respaldo a la acci\u00f3n.<\/p>\n<p style=\"font-weight: 400;\">La directora de la Fundaci\u00f3n Me Muevo (artritis reumatoide), Cecilia Rodr\u00edguez, se\u00f1al\u00f3 que \u201cla incertidumbre se ha intensificado por la falta de avances concretos\u201d. En tanto, el director de Fundaci\u00f3n Padece, quien vive con dermatitis at\u00f3pica grave desde su nacimiento, sostuvo que \u201csabemos que existen medicamentos que pueden mejorar nuestra calidad de vida, pero seguimos sin respuestas. Sin ellos, vivir el d\u00eda a d\u00eda como una persona normal es extremadamente dif\u00edcil\u201d.<\/p>\n<p style=\"font-weight: 400;\">Finalmente, la presidenta de Fundaci\u00f3n Espondiloartritis Chile, Natalia Gonz\u00e1lez, afirm\u00f3 que \u201cno estamos pidiendo favores, solo igualdad en el acceso a medicamentos para poder seguir trabajando, estudiando y aportando al pa\u00eds\u201d. La dirigenta fue diagnosticada hace 12 a\u00f1os y actualmente financia su tratamiento con recursos propios.<\/p>\n","protected":false},"excerpt":{"rendered":"Durante la jornada de este jueves, el senador Juan Luis Castro present\u00f3 una solicitud de pronunciamiento ante la&hellip;\n","protected":false},"author":7,"featured_media":2913,"comment_status":"open","ping_status":"closed","sticky":false,"template":"","format":"standard","meta":{"footnotes":""},"categories":[17,24,9],"tags":[],"class_list":{"0":"post-2914","1":"post","2":"type-post","3":"status-publish","4":"format-standard","5":"has-post-thumbnail","7":"category-actualidad","8":"category-politica","9":"category-portada"},"_links":{"self":[{"href":"https:\/\/www.diariohiggins.cl\/portal\/wp-json\/wp\/v2\/posts\/2914","targetHints":{"allow":["GET"]}}],"collection":[{"href":"https:\/\/www.diariohiggins.cl\/portal\/wp-json\/wp\/v2\/posts"}],"about":[{"href":"https:\/\/www.diariohiggins.cl\/portal\/wp-json\/wp\/v2\/types\/post"}],"author":[{"embeddable":true,"href":"https:\/\/www.diariohiggins.cl\/portal\/wp-json\/wp\/v2\/users\/7"}],"replies":[{"embeddable":true,"href":"https:\/\/www.diariohiggins.cl\/portal\/wp-json\/wp\/v2\/comments?post=2914"}],"version-history":[{"count":1,"href":"https:\/\/www.diariohiggins.cl\/portal\/wp-json\/wp\/v2\/posts\/2914\/revisions"}],"predecessor-version":[{"id":2915,"href":"https:\/\/www.diariohiggins.cl\/portal\/wp-json\/wp\/v2\/posts\/2914\/revisions\/2915"}],"wp:featuredmedia":[{"embeddable":true,"href":"https:\/\/www.diariohiggins.cl\/portal\/wp-json\/wp\/v2\/media\/2913"}],"wp:attachment":[{"href":"https:\/\/www.diariohiggins.cl\/portal\/wp-json\/wp\/v2\/media?parent=2914"}],"wp:term":[{"taxonomy":"category","embeddable":true,"href":"https:\/\/www.diariohiggins.cl\/portal\/wp-json\/wp\/v2\/categories?post=2914"},{"taxonomy":"post_tag","embeddable":true,"href":"https:\/\/www.diariohiggins.cl\/portal\/wp-json\/wp\/v2\/tags?post=2914"}],"curies":[{"name":"wp","href":"https:\/\/api.w.org\/{rel}","templated":true}]}}