{"id":2911,"date":"2026-01-22T19:28:35","date_gmt":"2026-01-22T19:28:35","guid":{"rendered":"https:\/\/www.diariohiggins.cl\/portal\/?p=2911"},"modified":"2026-01-22T19:51:44","modified_gmt":"2026-01-22T19:51:44","slug":"sube-a-878-el-numero-de-viviendas-destruidas-por-incendios-forestales-y-permanecen-18-focos-en-combate","status":"publish","type":"post","link":"https:\/\/www.diariohiggins.cl\/portal\/2026\/01\/22\/sube-a-878-el-numero-de-viviendas-destruidas-por-incendios-forestales-y-permanecen-18-focos-en-combate\/","title":{"rendered":"Sube a 878 el n\u00famero de viviendas destruidas por incendios forestales y permanecen 18 focos en combate."},"content":{"rendered":"<p style=\"font-weight: 400;\">El Servicio Nacional de Prevenci\u00f3n y Respuesta ante Desastres (Senapred) entreg\u00f3 un nuevo balance de los incendios forestales que contin\u00faan en combate a nivel nacional, informando que se mantiene la alerta roja en las regiones del Biob\u00edo, \u00d1uble y La Araucan\u00eda.<\/p>\n<p style=\"font-weight: 400;\">De acuerdo con la entidad, la cifra de viviendas destruidas aument\u00f3 a 878: 242 en \u00d1uble, 633 en Biob\u00edo y tres en La Araucan\u00eda. A ello se suman 15 inmuebles con da\u00f1os menores.<\/p>\n<p style=\"font-weight: 400;\">Senapred indic\u00f3 adem\u00e1s que el n\u00famero de damnificados asciende a 20.432 personas, mientras que los albergados llegan a 625. En tanto, la cifra de fallecidos se mantiene en 21, sin variaciones respecto del balance anterior.<\/p>\n<p style=\"font-weight: 400;\">En relaci\u00f3n con las alertas SAE, hasta ahora se han emitido 211 mensajes en las zonas afectadas, siendo el 18 de enero la jornada con mayor n\u00famero de avisos de evacuaci\u00f3n, con un total de 87.<\/p>\n<p style=\"font-weight: 400;\">Por su parte, el Presidente Gabriel Boric inform\u00f3 a trav\u00e9s de su cuenta en X que ya comenzaron a arribar viviendas de emergencia a las zonas afectadas por los incendios.<\/p>\n<p style=\"font-weight: 400;\"><img loading=\"lazy\" decoding=\"async\" title=\"Screenshot at Jan 22 16-14-20.png\" src=\"https:\/\/www.diariohiggins.cl\/portal\/wp-content\/uploads\/2026\/01\/Screenshot-at-Jan-22-16-14-20.png\" alt=\"\" width=\"600\" height=\"395\" border=\"0\"><\/p>\n","protected":false},"excerpt":{"rendered":"El Servicio Nacional de Prevenci\u00f3n y Respuesta ante Desastres (Senapred) entreg\u00f3 un nuevo balance de los incendios forestales&hellip;\n","protected":false},"author":3,"featured_media":2910,"comment_status":"open","ping_status":"closed","sticky":false,"template":"","format":"standard","meta":{"footnotes":""},"categories":[23],"tags":[],"class_list":{"0":"post-2911","1":"post","2":"type-post","3":"status-publish","4":"format-standard","5":"has-post-thumbnail","7":"category-principal"},"_links":{"self":[{"href":"https:\/\/www.diariohiggins.cl\/portal\/wp-json\/wp\/v2\/posts\/2911","targetHints":{"allow":["GET"]}}],"collection":[{"href":"https:\/\/www.diariohiggins.cl\/portal\/wp-json\/wp\/v2\/posts"}],"about":[{"href":"https:\/\/www.diariohiggins.cl\/portal\/wp-json\/wp\/v2\/types\/post"}],"author":[{"embeddable":true,"href":"https:\/\/www.diariohiggins.cl\/portal\/wp-json\/wp\/v2\/users\/3"}],"replies":[{"embeddable":true,"href":"https:\/\/www.diariohiggins.cl\/portal\/wp-json\/wp\/v2\/comments?post=2911"}],"version-history":[{"count":1,"href":"https:\/\/www.diariohiggins.cl\/portal\/wp-json\/wp\/v2\/posts\/2911\/revisions"}],"predecessor-version":[{"id":2912,"href":"https:\/\/www.diariohiggins.cl\/portal\/wp-json\/wp\/v2\/posts\/2911\/revisions\/2912"}],"wp:featuredmedia":[{"embeddable":true,"href":"https:\/\/www.diariohiggins.cl\/portal\/wp-json\/wp\/v2\/media\/2910"}],"wp:attachment":[{"href":"https:\/\/www.diariohiggins.cl\/portal\/wp-json\/wp\/v2\/media?parent=2911"}],"wp:term":[{"taxonomy":"category","embeddable":true,"href":"https:\/\/www.diariohiggins.cl\/portal\/wp-json\/wp\/v2\/categories?post=2911"},{"taxonomy":"post_tag","embeddable":true,"href":"https:\/\/www.diariohiggins.cl\/portal\/wp-json\/wp\/v2\/tags?post=2911"}],"curies":[{"name":"wp","href":"https:\/\/api.w.org\/{rel}","templated":true}]}}