{"id":2871,"date":"2025-12-15T11:21:04","date_gmt":"2025-12-15T11:21:04","guid":{"rendered":"https:\/\/www.diariohiggins.cl\/portal\/?p=2871"},"modified":"2025-12-15T11:21:05","modified_gmt":"2025-12-15T11:21:05","slug":"establecimientos-educacionales-para-adultos-incorporan-nuevas-asignaturas-en-su-curriculum","status":"publish","type":"post","link":"https:\/\/www.diariohiggins.cl\/portal\/2025\/12\/15\/establecimientos-educacionales-para-adultos-incorporan-nuevas-asignaturas-en-su-curriculum\/","title":{"rendered":"Establecimientos educacionales para Adultos incorporan nuevas asignaturas en su curr\u00edculum"},"content":{"rendered":"\n<ul class=\"wp-block-list\">\n<li><em>Para avanzar en el mejoramiento de la educaci\u00f3n para personas adultas, el \u00e1rea EPJA de la serem\u00eda de Educaci\u00f3n de O\u00b4Higgins, realiz\u00f3 una jornada regional para reflexionar respecto a las nuevas bases curriculares que rigen la educaci\u00f3n de personas j\u00f3venes y adultas desde este 2025. El nuevo ordenamiento, moderniza el anterior curr\u00edculum para hacerlo m\u00e1s pertinente a la trayectoria de vida de personas que no completaron su escolaridad.<\/em><\/li>\n<\/ul>\n\n\n\n<figure class=\"wp-block-image size-large\"><img loading=\"lazy\" decoding=\"async\" width=\"768\" height=\"1024\" src=\"https:\/\/www.diariohiggins.cl\/portal\/wp-content\/uploads\/2025\/12\/bases-epja-9-768x1024.jpeg\" alt=\"\" class=\"wp-image-2872\" srcset=\"https:\/\/www.diariohiggins.cl\/portal\/wp-content\/uploads\/2025\/12\/bases-epja-9-768x1024.jpeg 768w, https:\/\/www.diariohiggins.cl\/portal\/wp-content\/uploads\/2025\/12\/bases-epja-9-225x300.jpeg 225w, https:\/\/www.diariohiggins.cl\/portal\/wp-content\/uploads\/2025\/12\/bases-epja-9-110x147.jpeg 110w, https:\/\/www.diariohiggins.cl\/portal\/wp-content\/uploads\/2025\/12\/bases-epja-9-200x267.jpeg 200w, https:\/\/www.diariohiggins.cl\/portal\/wp-content\/uploads\/2025\/12\/bases-epja-9-380x507.jpeg 380w, https:\/\/www.diariohiggins.cl\/portal\/wp-content\/uploads\/2025\/12\/bases-epja-9-255x340.jpeg 255w, https:\/\/www.diariohiggins.cl\/portal\/wp-content\/uploads\/2025\/12\/bases-epja-9-300x400.jpeg 300w, https:\/\/www.diariohiggins.cl\/portal\/wp-content\/uploads\/2025\/12\/bases-epja-9-550x733.jpeg 550w, https:\/\/www.diariohiggins.cl\/portal\/wp-content\/uploads\/2025\/12\/bases-epja-9-800x1067.jpeg 800w, https:\/\/www.diariohiggins.cl\/portal\/wp-content\/uploads\/2025\/12\/bases-epja-9.jpeg 960w\" sizes=\"auto, (max-width: 768px) 100vw, 768px\" \/><\/figure>\n\n\n\n<p>Rancagua, diciembre 12 de 2025. Con una masiva asistencia de docentes, directoras y directores de establecimientos educacionales provenientes de diversas comunas de la regi\u00f3n, se realiz\u00f3 en Santa Cruz un encuentro regional dirigido a comunidades educativas de la modalidad EPJA \u2013 Educaci\u00f3n de Personas J\u00f3venes y Adultas \u2013 para socializar diversas experiencias&nbsp; desde la entrada en vigencia este 2025&nbsp; de las nuevas bases curriculares que orientar\u00e1n a quienes trabajan con personas matriculadas bajo esta modalidad.<\/p>\n\n\n\n<p>\u201cLas nuevas bases curriculares para la Educaci\u00f3n de Personas J\u00f3venes y Adultas (EPJA) fueron implementadas progresivamente este 2025 y lo que buscan es la modernizaci\u00f3n del curr\u00edculum para hacerlo m\u00e1s pertinente a sus trayectorias de vida. Adem\u00e1s, contempla la incorporaci\u00f3n del idioma ingl\u00e9s, formaci\u00f3n en oficios, pensamiento computacional, educaci\u00f3n financiera, entre otros, pero con un enfoque de aprendizaje a lo largo de la vida y la formaci\u00f3n integral, buscando dar una respuesta de calidad a quienes, por diversos motivos muchas veces ajenos a su voluntad, no completaron su escolaridad\u201d, declar\u00f3 la seremi de Educaci\u00f3n de la Regi\u00f3n de O\u00b4Higgins, Alyson Hadad.<\/p>\n\n\n\n<p>La instancia, cont\u00f3 con la destacada participaci\u00f3n de la directora del Programa Interdisciplinario de Educaci\u00f3n de Personas J\u00f3venes y Adultas de la Universidad de Playa Ancha, UPLA, Violeta Acu\u00f1a Collao, quien expuso sobre pr\u00e1cticas pedag\u00f3gicas desde la experiencia de los Talleres de Did\u00e1ctica para este tipo de educaci\u00f3n.<\/p>\n\n\n\n<p>Recordemos que, gracias a esta modalidad educativa, desde 2022 a la fecha, cerca de 500 personas (en su mayor\u00eda adultos mayores) de O\u00b4Higgins&nbsp; han podido cursar o culminar sus estudios b\u00e1sicos, lo que sin duda se traduce en una mejora de su autoestima, autonom\u00eda y aumento de oportunidades laborales.<\/p>\n\n\n\n<p>Tras la jornada, la coordinadora EPJA del Liceo Berta Zamorano de Coltauco, Alejandra Cornejo, indic\u00f3 que:<\/p>\n\n\n\n<p>\u201cEstas nuevas adecuaciones curriculares vienen a atender una necesidad que ten\u00edamos desde hace mucho tiempo y la mirada del aprendizaje se orientan en la comprensi\u00f3n y habilidades, tema que se aborda en la educaci\u00f3n escolar, pero nosotros en la noche continu\u00e1bamos evaluando de manera &nbsp;retr\u00f3grada; sin embargo, ahora debemos trabajar con los mismos conceptos y par\u00e1metros que tiene la educaci\u00f3n chilena y as\u00ed nuestra modalidad no queda retrasada\u201d, opin\u00f3 la docente, concluyendo que \u201cestas pol\u00edticas p\u00fablicas son muy importantes pues visualizan que la modalidad Adultos es primordial; adem\u00e1s, tampoco podemos desconocer los aportes del MINEDUC&nbsp; para financiar proyectos sectoriales\u201d.<\/p>\n\n\n\n<p>M\u00e1s informaci\u00f3n en <a href=\"https:\/\/epja.mineduc.cl\/\">https:\/\/epja.mineduc.cl\/<\/a> o v\u00eda correo electr\u00f3nico al&nbsp; coordinador regional de O\u00b4Higgins <a href=\"mailto:fernando.leyton@mineduc.cl\">fernando.leyton@mineduc.cl<\/a> y <a href=\"mailto:nataly.quiroz@mineduc.cl\">nataly.quiroz@mineduc.cl<\/a> profesional apoyo EPJA.<\/p>\n","protected":false},"excerpt":{"rendered":"Rancagua, diciembre 12 de 2025. Con una masiva asistencia de docentes, directoras y directores de establecimientos educacionales provenientes&hellip;\n","protected":false},"author":4,"featured_media":2873,"comment_status":"closed","ping_status":"closed","sticky":false,"template":"","format":"standard","meta":{"footnotes":""},"categories":[23],"tags":[],"class_list":{"0":"post-2871","1":"post","2":"type-post","3":"status-publish","4":"format-standard","5":"has-post-thumbnail","7":"category-principal"},"_links":{"self":[{"href":"https:\/\/www.diariohiggins.cl\/portal\/wp-json\/wp\/v2\/posts\/2871","targetHints":{"allow":["GET"]}}],"collection":[{"href":"https:\/\/www.diariohiggins.cl\/portal\/wp-json\/wp\/v2\/posts"}],"about":[{"href":"https:\/\/www.diariohiggins.cl\/portal\/wp-json\/wp\/v2\/types\/post"}],"author":[{"embeddable":true,"href":"https:\/\/www.diariohiggins.cl\/portal\/wp-json\/wp\/v2\/users\/4"}],"replies":[{"embeddable":true,"href":"https:\/\/www.diariohiggins.cl\/portal\/wp-json\/wp\/v2\/comments?post=2871"}],"version-history":[{"count":1,"href":"https:\/\/www.diariohiggins.cl\/portal\/wp-json\/wp\/v2\/posts\/2871\/revisions"}],"predecessor-version":[{"id":2874,"href":"https:\/\/www.diariohiggins.cl\/portal\/wp-json\/wp\/v2\/posts\/2871\/revisions\/2874"}],"wp:featuredmedia":[{"embeddable":true,"href":"https:\/\/www.diariohiggins.cl\/portal\/wp-json\/wp\/v2\/media\/2873"}],"wp:attachment":[{"href":"https:\/\/www.diariohiggins.cl\/portal\/wp-json\/wp\/v2\/media?parent=2871"}],"wp:term":[{"taxonomy":"category","embeddable":true,"href":"https:\/\/www.diariohiggins.cl\/portal\/wp-json\/wp\/v2\/categories?post=2871"},{"taxonomy":"post_tag","embeddable":true,"href":"https:\/\/www.diariohiggins.cl\/portal\/wp-json\/wp\/v2\/tags?post=2871"}],"curies":[{"name":"wp","href":"https:\/\/api.w.org\/{rel}","templated":true}]}}