{"id":2867,"date":"2025-12-11T16:22:02","date_gmt":"2025-12-11T16:22:02","guid":{"rendered":"https:\/\/www.diariohiggins.cl\/portal\/?p=2867"},"modified":"2025-12-11T16:22:04","modified_gmt":"2025-12-11T16:22:04","slug":"comision-de-hacienda-del-senado-despacho-proyecto-de-ley-sobre-convivencia-buen-trato-y-bienestar-en-comunidades-educativas","status":"publish","type":"post","link":"https:\/\/www.diariohiggins.cl\/portal\/2025\/12\/11\/comision-de-hacienda-del-senado-despacho-proyecto-de-ley-sobre-convivencia-buen-trato-y-bienestar-en-comunidades-educativas\/","title":{"rendered":"Comisi\u00f3n de Hacienda del Senado despach\u00f3 proyecto de ley sobre convivencia, buen trato y bienestar en comunidades educativas"},"content":{"rendered":"\n<ul class=\"wp-block-list\">\n<li><em>La iniciativa, que establece un nuevo est\u00e1ndar para la gesti\u00f3n de la convivencia, refuerza el rol del Estado y protege el bienestar de estudiantes y equipos educativos, ser\u00e1 votada ahora en la sala del Senado.<\/em><\/li>\n<\/ul>\n\n\n\n<figure class=\"wp-block-image size-large\"><img loading=\"lazy\" decoding=\"async\" width=\"1024\" height=\"768\" src=\"https:\/\/www.diariohiggins.cl\/portal\/wp-content\/uploads\/2025\/12\/dia-convivencia-malloa-9-1024x768.jpg\" alt=\"\" class=\"wp-image-2868\" srcset=\"https:\/\/www.diariohiggins.cl\/portal\/wp-content\/uploads\/2025\/12\/dia-convivencia-malloa-9-1024x768.jpg 1024w, https:\/\/www.diariohiggins.cl\/portal\/wp-content\/uploads\/2025\/12\/dia-convivencia-malloa-9-300x225.jpg 300w, https:\/\/www.diariohiggins.cl\/portal\/wp-content\/uploads\/2025\/12\/dia-convivencia-malloa-9-768x576.jpg 768w, https:\/\/www.diariohiggins.cl\/portal\/wp-content\/uploads\/2025\/12\/dia-convivencia-malloa-9-1536x1152.jpg 1536w, https:\/\/www.diariohiggins.cl\/portal\/wp-content\/uploads\/2025\/12\/dia-convivencia-malloa-9-110x83.jpg 110w, https:\/\/www.diariohiggins.cl\/portal\/wp-content\/uploads\/2025\/12\/dia-convivencia-malloa-9-200x150.jpg 200w, https:\/\/www.diariohiggins.cl\/portal\/wp-content\/uploads\/2025\/12\/dia-convivencia-malloa-9-380x285.jpg 380w, https:\/\/www.diariohiggins.cl\/portal\/wp-content\/uploads\/2025\/12\/dia-convivencia-malloa-9-255x191.jpg 255w, https:\/\/www.diariohiggins.cl\/portal\/wp-content\/uploads\/2025\/12\/dia-convivencia-malloa-9-550x413.jpg 550w, https:\/\/www.diariohiggins.cl\/portal\/wp-content\/uploads\/2025\/12\/dia-convivencia-malloa-9-800x600.jpg 800w, https:\/\/www.diariohiggins.cl\/portal\/wp-content\/uploads\/2025\/12\/dia-convivencia-malloa-9-1160x870.jpg 1160w, https:\/\/www.diariohiggins.cl\/portal\/wp-content\/uploads\/2025\/12\/dia-convivencia-malloa-9.jpg 2048w\" sizes=\"auto, (max-width: 1024px) 100vw, 1024px\" \/><\/figure>\n\n\n\n<p>Jueves 11 de diciembre de 2025. La Comisi\u00f3n de Hacienda del Senado despach\u00f3 este mi\u00e9rcoles el proyecto de ley sobre convivencia, buen trato y bienestar de las comunidades educativas, iniciativa que busca fortalecer el marco normativo vigente y garantizar espacios seguros, inclusivos y protectores en todos los establecimientos educacionales del pa\u00eds. Con este paso, la propuesta queda lista para ser votada en la Sala del Senado.<\/p>\n\n\n\n<p>El ministro de Educaci\u00f3n, Nicol\u00e1s Cataldo, valor\u00f3 la aprobaci\u00f3n y asegur\u00f3 que \u201ceste proyecto no solo responde a una urgencia del sistema educativo, sino que instala una mirada de largo plazo: queremos que cada escuela sea un espacio seguro, donde la convivencia y el bienestar sean parte del aprendizaje. Es una transformaci\u00f3n profunda que articula prevenci\u00f3n, acompa\u00f1amiento y protecci\u00f3n para toda la comunidad educativa\u201d.<\/p>\n\n\n\n<p><strong>Principales aspectos del proyecto<\/strong><\/p>\n\n\n\n<p>La propuesta establece un rol activo del Estado en la promoci\u00f3n del buen trato y la prevenci\u00f3n del acoso, la violencia y la discriminaci\u00f3n, asegurando los derechos de ni\u00f1os, ni\u00f1as y estudiantes. Para ello, se crea la Pol\u00edtica Nacional de Convivencia Educativa y un Plan de Acci\u00f3n Nacional con vigencia de ocho a\u00f1os, que orientar\u00e1 acciones interinstitucionales en coordinaci\u00f3n con otros ministerios tales como Seguridad P\u00fablica, Salud y Mujer y Equidad de G\u00e9nero.<\/p>\n\n\n\n<p>En el \u00e1mbito de la gesti\u00f3n interna, el proyecto dispone la obligatoriedad de contar con un Coordinador o Coordinadora de Convivencia con dedicaci\u00f3n exclusiva y jornada completa en todos los establecimientos que reciben aportes del Estado. Asimismo, se actualizan los Reglamentos Internos y los Planes de Gesti\u00f3n de Convivencia, incorporando medidas preventivas frente a riesgos como consumo de drogas y violencia, adem\u00e1s de mecanismos para la detecci\u00f3n y derivaci\u00f3n de casos cr\u00edticos.<\/p>\n\n\n\n<p>El enfoque pedag\u00f3gico tambi\u00e9n se refuerza mediante el fortalecimiento de las facultades de la Superintendencia de Educaci\u00f3n, que asumir\u00e1 un rol m\u00e1s activo en la fiscalizaci\u00f3n y acompa\u00f1amiento preventivo. A esto se suma la creaci\u00f3n del Sistema de Monitoreo de la Convivencia Educativa en la Agencia de Calidad, encargado de monitorear y entregar herramientas a las comunidades educativas.<\/p>\n\n\n\n<p>Por \u00faltimo, el proyecto profundiza el bienestar de los equipos educativos, actualizando la Ley General de Educaci\u00f3n y el Estatuto Docente para garantizar espacios laborales seguros, libres de violencia, acoso y discriminaci\u00f3n. Se incorporan protocolos obligatorios contra acoso sexual y laboral, en l\u00ednea con&nbsp;&nbsp; la Ley N\u00b021.643, adem\u00e1s de procedimientos para la calificaci\u00f3n de enfermedades profesionales asociadas a la salud mental. La propuesta tambi\u00e9n contempla un programa de bienestar socioemocional, que reconfigura la jornada escolar completa y que ya inici\u00f3 un piloto en 176 establecimientos de los SLEP Iquique, Valpara\u00edso, Gabriela Mistral, Punilla Cordillera y Andali\u00e9n Sur.<\/p>\n\n\n\n<p>En relaci\u00f3n con dicha iniciativa, la seremi de Educaci\u00f3n, Alyson Hadad, destac\u00f3 que \u201ceste programa devolver\u00e1 sentido a la jornada escolar completa, incorporando talleres deportivos, culturales y recreativos propuestos por las propias comunidades. Est\u00e1 dise\u00f1ado para estudiantes desde tercero b\u00e1sico a tercero medio, porque sabemos que una mejor convivencia y el bienestar socioemocional son claves para mejorar aprendizajes y fortalecer la vida escolar\u201d.<\/p>\n","protected":false},"excerpt":{"rendered":"Jueves 11 de diciembre de 2025. La Comisi\u00f3n de Hacienda del Senado despach\u00f3 este mi\u00e9rcoles el proyecto de&hellip;\n","protected":false},"author":4,"featured_media":2869,"comment_status":"closed","ping_status":"closed","sticky":false,"template":"","format":"standard","meta":{"footnotes":""},"categories":[23],"tags":[],"class_list":{"0":"post-2867","1":"post","2":"type-post","3":"status-publish","4":"format-standard","5":"has-post-thumbnail","7":"category-principal"},"_links":{"self":[{"href":"https:\/\/www.diariohiggins.cl\/portal\/wp-json\/wp\/v2\/posts\/2867","targetHints":{"allow":["GET"]}}],"collection":[{"href":"https:\/\/www.diariohiggins.cl\/portal\/wp-json\/wp\/v2\/posts"}],"about":[{"href":"https:\/\/www.diariohiggins.cl\/portal\/wp-json\/wp\/v2\/types\/post"}],"author":[{"embeddable":true,"href":"https:\/\/www.diariohiggins.cl\/portal\/wp-json\/wp\/v2\/users\/4"}],"replies":[{"embeddable":true,"href":"https:\/\/www.diariohiggins.cl\/portal\/wp-json\/wp\/v2\/comments?post=2867"}],"version-history":[{"count":1,"href":"https:\/\/www.diariohiggins.cl\/portal\/wp-json\/wp\/v2\/posts\/2867\/revisions"}],"predecessor-version":[{"id":2870,"href":"https:\/\/www.diariohiggins.cl\/portal\/wp-json\/wp\/v2\/posts\/2867\/revisions\/2870"}],"wp:featuredmedia":[{"embeddable":true,"href":"https:\/\/www.diariohiggins.cl\/portal\/wp-json\/wp\/v2\/media\/2869"}],"wp:attachment":[{"href":"https:\/\/www.diariohiggins.cl\/portal\/wp-json\/wp\/v2\/media?parent=2867"}],"wp:term":[{"taxonomy":"category","embeddable":true,"href":"https:\/\/www.diariohiggins.cl\/portal\/wp-json\/wp\/v2\/categories?post=2867"},{"taxonomy":"post_tag","embeddable":true,"href":"https:\/\/www.diariohiggins.cl\/portal\/wp-json\/wp\/v2\/tags?post=2867"}],"curies":[{"name":"wp","href":"https:\/\/api.w.org\/{rel}","templated":true}]}}