{"id":2856,"date":"2025-12-09T15:19:09","date_gmt":"2025-12-09T15:19:09","guid":{"rendered":"https:\/\/www.diariohiggins.cl\/portal\/?p=2856"},"modified":"2025-12-09T15:19:10","modified_gmt":"2025-12-09T15:19:10","slug":"mineduc-lanza-palabratica-un-juego-de-cartas-para-fortalecer-aprendizajes-en-matematica-y-lectura-en-la-escuela-y-en-familia","status":"publish","type":"post","link":"https:\/\/www.diariohiggins.cl\/portal\/2025\/12\/09\/mineduc-lanza-palabratica-un-juego-de-cartas-para-fortalecer-aprendizajes-en-matematica-y-lectura-en-la-escuela-y-en-familia\/","title":{"rendered":"Mineduc lanza &#8220;Palabr\u00e1tica&#8221;, un juego de cartas para fortalecer aprendizajes en Matem\u00e1tica y Lectura en la escuela y en familia"},"content":{"rendered":"\n<ul class=\"wp-block-list\">\n<li><em>Con el objetivo de que pueda ser usado durante las vacaciones de verano pr\u00f3ximas a comenzar, este recurso educativo se est\u00e1 entregando a m\u00e1s de 40 mil estudiantes de 1\u00b0 a 4\u00b0 b\u00e1sico y se encuentra disponible de manera universal en <a href=\"http:\/\/www.palabratica.gob.mineduc.cl\">www.palabratica.gob.mineduc.cl<\/a> \u00a0\u00a0\u00a0<\/em><\/li>\n\n\n\n<li><em>La seremi de Educaci\u00f3n de O\u00b4Higgins, Alyson Hadad, invit\u00f3 \u201ca todos y todas a acceder al juego, descargarlo y jugar, recordando que todos los ni\u00f1os y todas las ni\u00f1as pueden aprender\u201d.<\/em><\/li>\n<\/ul>\n\n\n\n<figure class=\"wp-block-image size-large\"><img loading=\"lazy\" decoding=\"async\" width=\"1024\" height=\"683\" src=\"https:\/\/www.diariohiggins.cl\/portal\/wp-content\/uploads\/2025\/12\/palabramatica-2-1024x683.jpg\" alt=\"\" class=\"wp-image-2857\" srcset=\"https:\/\/www.diariohiggins.cl\/portal\/wp-content\/uploads\/2025\/12\/palabramatica-2-1024x683.jpg 1024w, https:\/\/www.diariohiggins.cl\/portal\/wp-content\/uploads\/2025\/12\/palabramatica-2-300x200.jpg 300w, https:\/\/www.diariohiggins.cl\/portal\/wp-content\/uploads\/2025\/12\/palabramatica-2-768x512.jpg 768w, https:\/\/www.diariohiggins.cl\/portal\/wp-content\/uploads\/2025\/12\/palabramatica-2-1536x1024.jpg 1536w, https:\/\/www.diariohiggins.cl\/portal\/wp-content\/uploads\/2025\/12\/palabramatica-2-2048x1365.jpg 2048w, https:\/\/www.diariohiggins.cl\/portal\/wp-content\/uploads\/2025\/12\/palabramatica-2-110x73.jpg 110w, https:\/\/www.diariohiggins.cl\/portal\/wp-content\/uploads\/2025\/12\/palabramatica-2-200x133.jpg 200w, https:\/\/www.diariohiggins.cl\/portal\/wp-content\/uploads\/2025\/12\/palabramatica-2-380x253.jpg 380w, https:\/\/www.diariohiggins.cl\/portal\/wp-content\/uploads\/2025\/12\/palabramatica-2-255x170.jpg 255w, https:\/\/www.diariohiggins.cl\/portal\/wp-content\/uploads\/2025\/12\/palabramatica-2-550x367.jpg 550w, https:\/\/www.diariohiggins.cl\/portal\/wp-content\/uploads\/2025\/12\/palabramatica-2-800x533.jpg 800w, https:\/\/www.diariohiggins.cl\/portal\/wp-content\/uploads\/2025\/12\/palabramatica-2-1160x773.jpg 1160w, https:\/\/www.diariohiggins.cl\/portal\/wp-content\/uploads\/2025\/12\/palabramatica-2-scaled.jpg 2560w\" sizes=\"auto, (max-width: 1024px) 100vw, 1024px\" \/><\/figure>\n\n\n\n<p>Rancagua, diciembre de 2025.- El Ministerio de Educaci\u00f3n lanz\u00f3 el juego de cartas \u201cPalabr\u00e1tica: \u00a1Donde las palabras suman y los n\u00fameros hablan!\u201d, un nuevo recurso pedag\u00f3gico gratuito que busca fortalecer los aprendizajes en Lectura y Matem\u00e1tica de forma l\u00fadica tanto en la escuela como en el hogar, promoviendo la participaci\u00f3n de las familias en el proceso educativo.<\/p>\n\n\n\n<p>El lanzamiento se realiz\u00f3 con la participaron las y los estudiantes de los 3\u00b0 b\u00e1sicos del Liceo Poeta Neruda en la comuna de La Granja.<\/p>\n\n\n\n<p>Durante el torneo, las y los estudiantes acompa\u00f1ados de docentes, asistentes de la educaci\u00f3n y representantes del centro de madres, padres y apoderados se midieron en una primera instancia en los juegos <strong>\u201c\u00bfQu\u00e9 palabra es?\u201d<\/strong> <strong>y \u201cManos r\u00e1pidas\u201d.<\/strong> Posteriormente, los participantes que pasaron a la semifinal jugaron <strong>\u201cGuerra matem\u00e1tica\u201d<\/strong> y <strong>\u201cMemoriza y sigue\u201d,<\/strong> y en la final vencieron el juego a trav\u00e9s de <strong>\u201cLa f\u00e1brica de ideas\u201d.<\/strong><\/p>\n\n\n\n<p>\u201cLa &nbsp;idea es que podamos conectar, en estas vacaciones que est\u00e1n prontas a comenzar, con la alegr\u00eda de aprender disfrutando y jugando. Este es un juego que, desde el Ministerio de Educaci\u00f3n, ponemos a disposici\u00f3n de todos los establecimientos educacionales, y de las familias, de forma digital y que, adem\u00e1s, entregamos de forma impresa a alrededor de 40 mil estudiantes a lo largo del pa\u00eds, en sus escuelas, para continuar aprendiendo elementos vinculados con la lectura y la matem\u00e1tica. Invitamos a todos y todas a acceder al juego, descargarlo y jugar, recordando siempre que todos los ni\u00f1os y todas las ni\u00f1as pueden aprender\u201d, indic\u00f3 la seremi de Educaci\u00f3n, Alyson Hadad.<\/p>\n\n\n\n<p>Las y los estudiantes de 3\u00b0 b\u00e1sico que participaron en el torneo de cartas Palabr\u00e1tica se mostraron entusiasmados con la experiencia. Maximiliano C\u00e1ceres coment\u00f3: \u201cA m\u00ed el juego me pareci\u00f3 s\u00faper bac\u00e1n porque nos ense\u00f1\u00f3 a leer m\u00e1s r\u00e1pido y tambi\u00e9n a hacer matem\u00e1ticas\u201d. En tanto, Nayari Soto se\u00f1al\u00f3: \u201cMe gust\u00f3 el juego de las manos r\u00e1pidas, que era muy divertido. Porque te ense\u00f1a muchas cosas. Te ense\u00f1a a leer y ser m\u00e1s r\u00e1pido\u201d.<\/p>\n\n\n\n<p>Este recurso educativo se est\u00e1 distribuyendo a m\u00e1s de 40 mil estudiantes de 1\u00b0 a 4\u00b0 b\u00e1sico en 386 establecimientos de todas las regiones del pa\u00eds, que fueron priorizados seg\u00fan mayores desaf\u00edos de aprendizaje identificados por el Sistema de Aseguramiento de la Calidad. Adem\u00e1s, ya se encuentra disponible en versi\u00f3n digital para todo p\u00fablico en <a href=\"http:\/\/www.palabratica.mineduc.gob.cl\">www.palabratica.mineduc.gob.cl<\/a>. &nbsp;Cabe se\u00f1alar que la totalidad de las y los estudiantes de 1\u00b0 a 4\u00b0 b\u00e1sico de los establecimientos donde ser\u00e1 entregado el recurso educativo podr\u00e1n llevarse el juego a sus casas para compartir en familia durante las vacaciones.<\/p>\n\n\n\n<p><strong>\u00a1El juego donde las palabras suman y los n\u00fameros hablan!<\/strong><\/p>\n\n\n\n<p>Palabr\u00e1tica incluye dos mazos: uno de palabras y otro de n\u00fameros, cada uno con instrucciones claras y accesibles, actividades l\u00fadicas, y distintos niveles de dificultad para permitir la progresi\u00f3n seg\u00fan el desarrollo de cada ni\u00f1o o ni\u00f1a.&nbsp;<\/p>\n\n\n\n<p>El mazo de palabras tiene juegos que invitan a identificar, leer en voz alta, asociar y crear con palabras, activando habilidades clave de lectura.&nbsp; Mientras que el mazo de n\u00fameros trabaja nociones b\u00e1sicas de cantidad, operaciones simples y razonamiento l\u00f3gico, todo desde el juego compartido.&nbsp;&nbsp;<\/p>\n","protected":false},"excerpt":{"rendered":"Rancagua, diciembre de 2025.- El Ministerio de Educaci\u00f3n lanz\u00f3 el juego de cartas \u201cPalabr\u00e1tica: \u00a1Donde las palabras suman&hellip;\n","protected":false},"author":4,"featured_media":2858,"comment_status":"closed","ping_status":"closed","sticky":false,"template":"","format":"standard","meta":{"footnotes":""},"categories":[23],"tags":[],"class_list":{"0":"post-2856","1":"post","2":"type-post","3":"status-publish","4":"format-standard","5":"has-post-thumbnail","7":"category-principal"},"_links":{"self":[{"href":"https:\/\/www.diariohiggins.cl\/portal\/wp-json\/wp\/v2\/posts\/2856","targetHints":{"allow":["GET"]}}],"collection":[{"href":"https:\/\/www.diariohiggins.cl\/portal\/wp-json\/wp\/v2\/posts"}],"about":[{"href":"https:\/\/www.diariohiggins.cl\/portal\/wp-json\/wp\/v2\/types\/post"}],"author":[{"embeddable":true,"href":"https:\/\/www.diariohiggins.cl\/portal\/wp-json\/wp\/v2\/users\/4"}],"replies":[{"embeddable":true,"href":"https:\/\/www.diariohiggins.cl\/portal\/wp-json\/wp\/v2\/comments?post=2856"}],"version-history":[{"count":1,"href":"https:\/\/www.diariohiggins.cl\/portal\/wp-json\/wp\/v2\/posts\/2856\/revisions"}],"predecessor-version":[{"id":2859,"href":"https:\/\/www.diariohiggins.cl\/portal\/wp-json\/wp\/v2\/posts\/2856\/revisions\/2859"}],"wp:featuredmedia":[{"embeddable":true,"href":"https:\/\/www.diariohiggins.cl\/portal\/wp-json\/wp\/v2\/media\/2858"}],"wp:attachment":[{"href":"https:\/\/www.diariohiggins.cl\/portal\/wp-json\/wp\/v2\/media?parent=2856"}],"wp:term":[{"taxonomy":"category","embeddable":true,"href":"https:\/\/www.diariohiggins.cl\/portal\/wp-json\/wp\/v2\/categories?post=2856"},{"taxonomy":"post_tag","embeddable":true,"href":"https:\/\/www.diariohiggins.cl\/portal\/wp-json\/wp\/v2\/tags?post=2856"}],"curies":[{"name":"wp","href":"https:\/\/api.w.org\/{rel}","templated":true}]}}