{"id":2849,"date":"2025-12-08T16:05:46","date_gmt":"2025-12-08T16:05:46","guid":{"rendered":"https:\/\/www.diariohiggins.cl\/portal\/?p=2849"},"modified":"2025-12-08T16:08:26","modified_gmt":"2025-12-08T16:08:26","slug":"municipios-frente-al-inicio-obligatorio-de-la-transformacion-digital-del-estado","status":"publish","type":"post","link":"https:\/\/www.diariohiggins.cl\/portal\/2025\/12\/08\/municipios-frente-al-inicio-obligatorio-de-la-transformacion-digital-del-estado\/","title":{"rendered":"Municipios frente al inicio obligatorio de la Transformaci\u00f3n Digital del Estado"},"content":{"rendered":"\n<p><strong>Este 1 de enero de 2026 entra en vigencia plena la Ley 21.180 sobre Transformaci\u00f3n Digital del Estado,<\/strong> que establece la obligaci\u00f3n para todas las instituciones p\u00fablicas, incluyendo a los municipios, de gestionar electr\u00f3nicamente sus procedimientos administrativos. Esto implica operar con expedientes digitales, notificaciones electr\u00f3nicas y tr\u00e1mites accesibles en l\u00ednea como norma legal, no como opci\u00f3n. El plazo se agota: quedan solo 24 d\u00edas para que las municipalidades est\u00e9n 100 por ciento adaptadas a este nuevo paradigma de gesti\u00f3n p\u00fablica.<\/p>\n\n\n\n<p>La norma, promulgada en 2019, representa uno de los pilares del proceso de modernizaci\u00f3n del Estado chileno, buscando eficiencia, transparencia y cercan\u00eda con la ciudadan\u00eda. Sin embargo, y pese al avance de algunos territorios, la implementaci\u00f3n no ha sido homog\u00e9nea. Algunos municipios ya operan con plataformas digitales robustas y procesos automatizados, mientras otros siguen sin condiciones m\u00ednimas. Carecen de conectividad adecuada, infraestructura tecnol\u00f3gica, personal capacitado y recursos para completar la transici\u00f3n digital. Esta disparidad, de mantenerse, amenaza con profundizar una brecha estructural entre comunas con mayor y menor capacidad de modernizaci\u00f3n.<\/p>\n\n\n\n<figure class=\"wp-block-image size-large\"><img loading=\"lazy\" decoding=\"async\" width=\"1024\" height=\"768\" src=\"https:\/\/www.diariohiggins.cl\/portal\/wp-content\/uploads\/2025\/12\/Copia-de-481251833_2216532205429562_1941959536808170211_n-1024x768.jpg\" alt=\"\" class=\"wp-image-2850\" srcset=\"https:\/\/www.diariohiggins.cl\/portal\/wp-content\/uploads\/2025\/12\/Copia-de-481251833_2216532205429562_1941959536808170211_n-1024x768.jpg 1024w, https:\/\/www.diariohiggins.cl\/portal\/wp-content\/uploads\/2025\/12\/Copia-de-481251833_2216532205429562_1941959536808170211_n-300x225.jpg 300w, https:\/\/www.diariohiggins.cl\/portal\/wp-content\/uploads\/2025\/12\/Copia-de-481251833_2216532205429562_1941959536808170211_n-768x576.jpg 768w, https:\/\/www.diariohiggins.cl\/portal\/wp-content\/uploads\/2025\/12\/Copia-de-481251833_2216532205429562_1941959536808170211_n-1536x1152.jpg 1536w, https:\/\/www.diariohiggins.cl\/portal\/wp-content\/uploads\/2025\/12\/Copia-de-481251833_2216532205429562_1941959536808170211_n-110x83.jpg 110w, https:\/\/www.diariohiggins.cl\/portal\/wp-content\/uploads\/2025\/12\/Copia-de-481251833_2216532205429562_1941959536808170211_n-200x150.jpg 200w, https:\/\/www.diariohiggins.cl\/portal\/wp-content\/uploads\/2025\/12\/Copia-de-481251833_2216532205429562_1941959536808170211_n-380x285.jpg 380w, https:\/\/www.diariohiggins.cl\/portal\/wp-content\/uploads\/2025\/12\/Copia-de-481251833_2216532205429562_1941959536808170211_n-255x191.jpg 255w, https:\/\/www.diariohiggins.cl\/portal\/wp-content\/uploads\/2025\/12\/Copia-de-481251833_2216532205429562_1941959536808170211_n-550x413.jpg 550w, https:\/\/www.diariohiggins.cl\/portal\/wp-content\/uploads\/2025\/12\/Copia-de-481251833_2216532205429562_1941959536808170211_n-800x600.jpg 800w, https:\/\/www.diariohiggins.cl\/portal\/wp-content\/uploads\/2025\/12\/Copia-de-481251833_2216532205429562_1941959536808170211_n-1160x870.jpg 1160w, https:\/\/www.diariohiggins.cl\/portal\/wp-content\/uploads\/2025\/12\/Copia-de-481251833_2216532205429562_1941959536808170211_n.jpg 1824w\" sizes=\"auto, (max-width: 1024px) 100vw, 1024px\" \/><\/figure>\n\n\n\n<p>Desde una perspectiva t\u00e9cnica y de gesti\u00f3n p\u00fablica, <strong><mark style=\"background-color:rgba(0, 0, 0, 0)\" class=\"has-inline-color has-luminous-vivid-orange-color\">Andr\u00e9s Rold\u00e1n Grez<\/mark><\/strong>, experto en innovaci\u00f3n institucional y fundador de Estado Innova, advierte que el verdadero desaf\u00edo de las municipalidades no es tecnol\u00f3gico, sino organizacional. <mark style=\"background-color:rgba(0, 0, 0, 0)\" class=\"has-inline-color has-luminous-vivid-orange-color\"><strong>\u201cLa transformaci\u00f3n digital no se logra solo implementando sistemas o comprando equipamiento. Se trata de un cambio profundo en la forma en que el municipio se organiza, planifica y se relaciona con la ciudadan\u00eda. Requiere visi\u00f3n p\u00fablica, liderazgo pol\u00edtico y capacidad de gesti\u00f3n del cambio para que la tecnolog\u00eda tenga sentido y efecto\u201d,<\/strong> <\/mark>se\u00f1al\u00f3 Andr\u00e9s Rold\u00e1n, subrayando la necesidad de una mirada integral en este proceso.<\/p>\n\n\n\n<p>El riesgo es claro. Si no se acelera la implementaci\u00f3n en las comunas m\u00e1s rezagadas, se consolidar\u00e1 una brecha digital estructural que dejar\u00e1 a miles de ciudadanos fuera del acceso a servicios p\u00fablicos eficientes y modernos. Mientras algunos municipios ya operan con plataformas integradas y tramitaci\u00f3n electr\u00f3nica, otros a\u00fan gestionan documentos en papel, sin respaldo normativo ni mecanismos de trazabilidad. Esto representa una amenaza tanto para la transparencia como para la calidad de los servicios p\u00fablicos.<\/p>\n\n\n\n<p>No se trata solo de cumplir con un requisito legal, sino de transformar la manera en que el Estado se vincula con las personas. Un municipio digitalizado puede mejorar sustancialmente la atenci\u00f3n ciudadana, reducir los tiempos de tramitaci\u00f3n, fortalecer la participaci\u00f3n local y optimizar sus recursos. Por el contrario, la falta de preparaci\u00f3n puede exponer a las administraciones locales a sanciones legales, p\u00e9rdida de legitimidad institucional y frustraci\u00f3n social.<\/p>\n\n\n\n<p>A pocos d\u00edas del cambio normativo, la cuenta regresiva no es \u00fanicamente t\u00e9cnica, sino tambi\u00e9n pol\u00edtica y social. La pregunta clave no es si se podr\u00e1 cumplir la ley, sino si estamos construyendo un Estado digital verdaderamente equitativo, donde todos los municipios, independiente de su tama\u00f1o o ubicaci\u00f3n, tengan la capacidad de ofrecer servicios dignos, modernos y accesibles a su ciudadan\u00eda.<\/p>\n","protected":false},"excerpt":{"rendered":"Este 1 de enero de 2026 entra en vigencia plena la Ley 21.180 sobre Transformaci\u00f3n Digital del Estado,&hellip;\n","protected":false},"author":3,"featured_media":2852,"comment_status":"closed","ping_status":"closed","sticky":false,"template":"","format":"standard","meta":{"footnotes":""},"categories":[23],"tags":[],"class_list":{"0":"post-2849","1":"post","2":"type-post","3":"status-publish","4":"format-standard","5":"has-post-thumbnail","7":"category-principal"},"_links":{"self":[{"href":"https:\/\/www.diariohiggins.cl\/portal\/wp-json\/wp\/v2\/posts\/2849","targetHints":{"allow":["GET"]}}],"collection":[{"href":"https:\/\/www.diariohiggins.cl\/portal\/wp-json\/wp\/v2\/posts"}],"about":[{"href":"https:\/\/www.diariohiggins.cl\/portal\/wp-json\/wp\/v2\/types\/post"}],"author":[{"embeddable":true,"href":"https:\/\/www.diariohiggins.cl\/portal\/wp-json\/wp\/v2\/users\/3"}],"replies":[{"embeddable":true,"href":"https:\/\/www.diariohiggins.cl\/portal\/wp-json\/wp\/v2\/comments?post=2849"}],"version-history":[{"count":1,"href":"https:\/\/www.diariohiggins.cl\/portal\/wp-json\/wp\/v2\/posts\/2849\/revisions"}],"predecessor-version":[{"id":2853,"href":"https:\/\/www.diariohiggins.cl\/portal\/wp-json\/wp\/v2\/posts\/2849\/revisions\/2853"}],"wp:featuredmedia":[{"embeddable":true,"href":"https:\/\/www.diariohiggins.cl\/portal\/wp-json\/wp\/v2\/media\/2852"}],"wp:attachment":[{"href":"https:\/\/www.diariohiggins.cl\/portal\/wp-json\/wp\/v2\/media?parent=2849"}],"wp:term":[{"taxonomy":"category","embeddable":true,"href":"https:\/\/www.diariohiggins.cl\/portal\/wp-json\/wp\/v2\/categories?post=2849"},{"taxonomy":"post_tag","embeddable":true,"href":"https:\/\/www.diariohiggins.cl\/portal\/wp-json\/wp\/v2\/tags?post=2849"}],"curies":[{"name":"wp","href":"https:\/\/api.w.org\/{rel}","templated":true}]}}