{"id":2828,"date":"2025-12-02T14:23:33","date_gmt":"2025-12-02T14:23:33","guid":{"rendered":"https:\/\/www.diariohiggins.cl\/portal\/?p=2828"},"modified":"2025-12-08T16:10:16","modified_gmt":"2025-12-08T16:10:16","slug":"comenzo-historica-aplicacion-de-la-paes-regular-con-cifra-record-de-personas-inscritas","status":"publish","type":"post","link":"https:\/\/www.diariohiggins.cl\/portal\/2025\/12\/02\/comenzo-historica-aplicacion-de-la-paes-regular-con-cifra-record-de-personas-inscritas\/","title":{"rendered":"Comenz\u00f3 hist\u00f3rica aplicaci\u00f3n de la PAES Regular con cifra r\u00e9cord de personas inscritas"},"content":{"rendered":"\n<ul class=\"wp-block-list\">\n<li><em>M\u00e1s de 16 mil \u00a0personas se registraron en la Regi\u00f3n de O\u00b4Higgins para rendir la PAES Regular \u00a0Admisi\u00f3n 2026, prueba que comenz\u00f3 a aplicarse este lunes \u00a01\u00b0 y culmina ma\u00f1ana mi\u00e9rcoles 3 de diciembre, en 41 sedes de rendici\u00f3n. La seremi de Educaci\u00f3n, Alyson Hadad, hizo un llamado a rendir las pruebas con tranquilidad e inform\u00e1ndose a trav\u00e9s de los canales oficiales del Mineduc y del DEMRE de la U. de Chile.<\/em><\/li>\n<\/ul>\n\n\n\n<figure class=\"wp-block-image size-large\"><img loading=\"lazy\" decoding=\"async\" width=\"702\" height=\"1024\" src=\"https:\/\/www.diariohiggins.cl\/portal\/wp-content\/uploads\/2025\/12\/seremi-alumnos-media-702x1024.jpg\" alt=\"\" class=\"wp-image-2829\" srcset=\"https:\/\/www.diariohiggins.cl\/portal\/wp-content\/uploads\/2025\/12\/seremi-alumnos-media-702x1024.jpg 702w, https:\/\/www.diariohiggins.cl\/portal\/wp-content\/uploads\/2025\/12\/seremi-alumnos-media-206x300.jpg 206w, https:\/\/www.diariohiggins.cl\/portal\/wp-content\/uploads\/2025\/12\/seremi-alumnos-media-768x1120.jpg 768w, https:\/\/www.diariohiggins.cl\/portal\/wp-content\/uploads\/2025\/12\/seremi-alumnos-media-110x160.jpg 110w, https:\/\/www.diariohiggins.cl\/portal\/wp-content\/uploads\/2025\/12\/seremi-alumnos-media-200x292.jpg 200w, https:\/\/www.diariohiggins.cl\/portal\/wp-content\/uploads\/2025\/12\/seremi-alumnos-media-380x554.jpg 380w, https:\/\/www.diariohiggins.cl\/portal\/wp-content\/uploads\/2025\/12\/seremi-alumnos-media-255x372.jpg 255w, https:\/\/www.diariohiggins.cl\/portal\/wp-content\/uploads\/2025\/12\/seremi-alumnos-media-300x437.jpg 300w, https:\/\/www.diariohiggins.cl\/portal\/wp-content\/uploads\/2025\/12\/seremi-alumnos-media-550x802.jpg 550w, https:\/\/www.diariohiggins.cl\/portal\/wp-content\/uploads\/2025\/12\/seremi-alumnos-media-800x1166.jpg 800w, https:\/\/www.diariohiggins.cl\/portal\/wp-content\/uploads\/2025\/12\/seremi-alumnos-media.jpg 878w\" sizes=\"auto, (max-width: 702px) 100vw, 702px\" \/><\/figure>\n\n\n\n<p>Rancagua, martes 2 &nbsp;de diciembre de 2025.- Hasta que lleg\u00f3 el esperado momento para las 300.595 personas que se registraron para rendir la PAES Regular 2025 a nivel nacional &#8211; &nbsp;Admisi\u00f3n 2026 &#8211; &nbsp;aplicaci\u00f3n con la cifra m\u00e1s alta de inscritos e inscritas en la historia de los procesos de admisi\u00f3n a la educaci\u00f3n superior (2,2% m\u00e1s que el a\u00f1o pasado).<\/p>\n\n\n\n<p>La secretaria regional ministerial de Educaci\u00f3n de O\u00b4Higgins, Alyson Hadad, inform\u00f3: \u201cEn nuestra regi\u00f3n 16.340 &nbsp;estudiantes participan en la rendici\u00f3n de la PAES 2026 para lo cual, se dispusieron 41 locales de aplicaci\u00f3n en el territorio para que cada joven, rinda en alg\u00fan establecimiento seguro y adecuado\u201d, inform\u00f3 la autoridad.<\/p>\n\n\n\n<p>\u201cQueremos reforzar que, para Educaci\u00f3n Superior, hoy en d\u00eda hay m\u00e1s accesibilidad gracias a la Gratuidad y Beneficios Estudiantiles que han sido impulsados y mantenidos por el Gobierno del Presidente Gabriel Boric. Hacemos un llamado a todas y todos los j\u00f3venes de la regi\u00f3n, realizar el proceso con tranquilidad y confianza porque existen m\u00e1s oportunidades para que accedan a las distintas instituciones de educaci\u00f3n superior y perseguir sus sue\u00f1os y realizarse teniendo la oportunidad de poder estudiar en lo que cada uno y cada una elija\u201d, concluy\u00f3 la autoridad regional del MINEDUC.<\/p>\n\n\n\n<p>Por su parte, V\u00edctor Orellana, subsecretario de Educaci\u00f3n Superior, se\u00f1al\u00f3 que \u201cla PAES es un sistema que se ha ido consolidando en el tiempo. Fue una innovaci\u00f3n muy relevante, que nos ha permitido contar con mayor capacidad para medir las competencias y el desempe\u00f1o futuro de los estudiantes. Es un instrumento que se adapta mejor a las trayectorias reales de las personas: permite una rendici\u00f3n adicional en invierno, ofrece la posibilidad de conservar puntajes y contempla ajustes para postulantes con discapacidad y\/o necesidades educativas especiales. En suma, como pa\u00eds hemos dado un paso adelante en nuestras pol\u00edticas de acceso a la educaci\u00f3n superior.\u201d<\/p>\n\n\n\n<p>Por otra parte, del total de personas inscritas para rendir la PAES Regular 2025, un 53% es de sexo femenino, versus un 47,0% de inscritos de sexo masculino.<\/p>\n\n\n\n<p>En tanto, Leonor Varas, directora del DEMRE de la Universidad de Chile, hizo un llamado a informarse, y a aprovechar las mayores opciones que entrega el Sistema de Acceso a trav\u00e9s de los cambios que se han incorporado, en beneficio de las y los participantes. \u201cLos esfuerzos en pos de la mayor equidad en el acceso a la educaci\u00f3n superior, han generado un gran aumento de oportunidades y una interesante oferta de carreras, por lo que es importante que las y los j\u00f3venes aprovechen estas nuevas condiciones, que postulen bien, que no se queden \u00fanicamente con aquellas carreras tradicionales, que concentran las postulaciones y que, por ser muy demandadas, tienen altos puntajes de corte. Exploren la Oferta Definitiva de Carreras, Vacantes y Ponderaciones que est\u00e1 disponible en nuestra web, conversen con sus pares, familiares, profesores y profesoras, inf\u00f3rmense e imaginen su futuro, un futuro pleno, feliz y de aporte al progreso\u201d, remarc\u00f3 Varas.<\/p>\n\n\n\n<p><strong>Recomendaciones<\/strong><\/p>\n\n\n\n<ul class=\"wp-block-list\">\n<li>Asistir a sus locales de rendici\u00f3n solo portando su Tarjeta de Identificaci\u00f3n impresa actualizada con el local de rendici\u00f3n y su documento de identificaci\u00f3n: C\u00e9dula de Identidad Chilena o Pasaporte, seg\u00fan corresponda.<\/li>\n\n\n\n<li>Llevar un l\u00e1piz grafito N\u00ba2 o portaminas HB y una goma de borrar. De manera opcional, pueden asistir con un destacador y mascarillas.<\/li>\n\n\n\n<li>Est\u00e1n prohibidos los aparatos electr\u00f3nicos, como tablets, calculadoras, relojes inteligentes, aud\u00edfonos y otros dispositivos similares. Al igual que bolsos, carteras, mochilas, libros o cuadernos. El uso de celulares, en tanto, est\u00e1 prohibido en las salas de rendici\u00f3n de las pruebas.<\/li>\n\n\n\n<li>Finalmente, se recomienda el uso del Simulador de Postulaciones que estar\u00e1 disponible hasta el 15 de diciembre en la web del DEMRE. Esta herramienta permite practicar c\u00f3mo postular correctamente, para as\u00ed no cometer errores durante el periodo oficial de postulaciones (del 5 al 8 de enero de 2026).<\/li>\n<\/ul>\n\n\n\n<p><strong>Pr\u00f3ximas fechas importantes del Proceso de Admisi\u00f3n 2026<\/strong><\/p>\n\n\n\n<p>\u2022&nbsp;&nbsp;&nbsp;&nbsp;&nbsp; Entrega de puntajes PAES: 5 de enero de 2026, 08:00 hrs.<\/p>\n\n\n\n<p>\u2022&nbsp;&nbsp;&nbsp;&nbsp;&nbsp; Inicio etapa de postulaciones: 5 de enero de 2026, 09:00 hrs.<\/p>\n\n\n\n<p>\u2022&nbsp;&nbsp;&nbsp;&nbsp;&nbsp; Fin etapa de postulaciones: 8 de enero de 2026, 13:00 hrs.<\/p>\n\n\n\n<p>\u2022&nbsp;&nbsp;&nbsp;&nbsp;&nbsp; Entrega de resultados de postulaci\u00f3n: 19 de enero de 2026, 12:00 hrs.<\/p>\n\n\n\n<p>\u2022&nbsp;&nbsp;&nbsp;&nbsp;&nbsp; Primera etapa de matr\u00edculas: del 20 al 22 de enero de 2026.<\/p>\n\n\n\n<p>\u2022&nbsp;&nbsp;&nbsp;&nbsp;&nbsp; Segunda etapa de matr\u00edculas: del 23 al 29 de enero de 2026.<\/p>\n\n\n\n<p>Ante consultas o dudas, la Mesa de Ayuda DEMRE tendr\u00e1 un horario extendido durante los d\u00edas de rendici\u00f3n, llamando al n\u00famero +562 2 9783806<\/p>\n\n\n\n<p>\u2022&nbsp;&nbsp;&nbsp;&nbsp;&nbsp; Lunes 1 de diciembre: 08:40 a 19:30 horas.<\/p>\n\n\n\n<p>\u2022&nbsp;&nbsp;&nbsp;&nbsp;&nbsp; Martes 2 y mi\u00e9rcoles 3 de diciembre: 07:00 a 19.30 horas.<\/p>\n","protected":false},"excerpt":{"rendered":"Rancagua, martes 2 &nbsp;de diciembre de 2025.- Hasta que lleg\u00f3 el esperado momento para las 300.595 personas que&hellip;\n","protected":false},"author":4,"featured_media":2830,"comment_status":"closed","ping_status":"closed","sticky":false,"template":"","format":"standard","meta":{"footnotes":""},"categories":[23],"tags":[],"class_list":{"0":"post-2828","1":"post","2":"type-post","3":"status-publish","4":"format-standard","5":"has-post-thumbnail","7":"category-principal"},"_links":{"self":[{"href":"https:\/\/www.diariohiggins.cl\/portal\/wp-json\/wp\/v2\/posts\/2828","targetHints":{"allow":["GET"]}}],"collection":[{"href":"https:\/\/www.diariohiggins.cl\/portal\/wp-json\/wp\/v2\/posts"}],"about":[{"href":"https:\/\/www.diariohiggins.cl\/portal\/wp-json\/wp\/v2\/types\/post"}],"author":[{"embeddable":true,"href":"https:\/\/www.diariohiggins.cl\/portal\/wp-json\/wp\/v2\/users\/4"}],"replies":[{"embeddable":true,"href":"https:\/\/www.diariohiggins.cl\/portal\/wp-json\/wp\/v2\/comments?post=2828"}],"version-history":[{"count":1,"href":"https:\/\/www.diariohiggins.cl\/portal\/wp-json\/wp\/v2\/posts\/2828\/revisions"}],"predecessor-version":[{"id":2831,"href":"https:\/\/www.diariohiggins.cl\/portal\/wp-json\/wp\/v2\/posts\/2828\/revisions\/2831"}],"wp:featuredmedia":[{"embeddable":true,"href":"https:\/\/www.diariohiggins.cl\/portal\/wp-json\/wp\/v2\/media\/2830"}],"wp:attachment":[{"href":"https:\/\/www.diariohiggins.cl\/portal\/wp-json\/wp\/v2\/media?parent=2828"}],"wp:term":[{"taxonomy":"category","embeddable":true,"href":"https:\/\/www.diariohiggins.cl\/portal\/wp-json\/wp\/v2\/categories?post=2828"},{"taxonomy":"post_tag","embeddable":true,"href":"https:\/\/www.diariohiggins.cl\/portal\/wp-json\/wp\/v2\/tags?post=2828"}],"curies":[{"name":"wp","href":"https:\/\/api.w.org\/{rel}","templated":true}]}}