{"id":2824,"date":"2025-11-30T21:38:25","date_gmt":"2025-11-30T21:38:25","guid":{"rendered":"https:\/\/www.diariohiggins.cl\/portal\/?p=2824"},"modified":"2025-12-08T16:10:42","modified_gmt":"2025-12-08T16:10:42","slug":"fiscal-regional-expresa-alarma-por-escalada-de-hechos-delictuales-en-la-zona-norte-de-ohiggins","status":"publish","type":"post","link":"https:\/\/www.diariohiggins.cl\/portal\/2025\/11\/30\/fiscal-regional-expresa-alarma-por-escalada-de-hechos-delictuales-en-la-zona-norte-de-ohiggins\/","title":{"rendered":"Fiscal Regional expresa alarma por escalada de hechos delictuales en la zona norte de O\u2019Higgins"},"content":{"rendered":"\n<p>El fiscal regional Aquiles Cubillos manifest\u00f3 una profunda inquietud por el escenario delictual que afecta a la zona norte de O\u2019Higgins, se\u00f1alando que \u00abprincipalmente las comunas de Mostazal y Graneros\u00bb concentran hechos que mantienen en alerta al Ministerio P\u00fablico.<br>Cubillos a\u00f1adi\u00f3 que \u00abmuchos hechos delictuales que se cometen en la regi\u00f3n tienen relaci\u00f3n con lo que pasa en estas dos comunas\u00bb, subrayando que el fen\u00f3meno no es aislado y que se ha extendido con fuerza durante el \u00faltimo tiempo.<br>Como ejemplo, detall\u00f3 que se est\u00e1n \u00abllev\u00e1ndose adelante a trav\u00e9s del establecimiento de una serie de focos investigativos al interior de ambas comunas, investigaciones por tr\u00e1fico de drogas tambi\u00e9n en estas comunas\u00bb, reforzando que las coordinaciones con las polic\u00edas est\u00e1n siendo intensificadas.<br>Tras encabezar un operativo antidrogas calificado como exitoso, el fiscal sostuvo que \u00abese es el esp\u00edritu que tenemos y obviamente la idea de llevar adelante todas nuestras investigaciones en un \u00e1mbito colaborativo con las polic\u00edas y tambi\u00e9n con otros servicios del Estado\u00bb.<br>El persecutor enfatiz\u00f3 que estas acciones buscan \u00abhacer frente a los fen\u00f3menos criminales que estamos viendo\u00bb y recalc\u00f3 que muchos de ellos tienen su origen en la regi\u00f3n Metropolitana.<br>En la misma l\u00ednea, Cubillos abord\u00f3 la necesidad de mejorar la infraestructura policial, se\u00f1alando que la disponibilidad de recursos es \u00abcompleta\u00bb en un contexto de \u00abrestricciones\u00bb. Por ello, insisti\u00f3 en que \u00aben definitiva se haga un estudio por parte de las polic\u00edas y por parte de las autoridades de la realidad de la regi\u00f3n de O\u2019Higgins. Ya que nuestra estructura policial data de hace 25 a\u00f1os y la realidad criminal obviamente es sumamente distinta\u00bb.<br>El fiscal tambi\u00e9n plante\u00f3 la urgencia de \u00abestablecer unidades especializadas m\u00e1s all\u00e1 de Rancagua\u00bb, destacando la necesidad de crear brigadas de homicidios, brigadas de robo y unidades OS7 en las provincias de Colchagua y Cardenal Caro, con el fin de descomprimir la carga operativa de la capital regional.<br>\u00abEsto obviamente requiere estudios, es de largo aliento, pero si en definitiva hoy no asumimos este desaf\u00edo, no vamos a poder enfrentar el fen\u00f3meno de buena manera\u00bb, concluy\u00f3.<\/p>\n","protected":false},"excerpt":{"rendered":"El fiscal regional Aquiles Cubillos manifest\u00f3 una profunda inquietud por el escenario delictual que afecta a la zona&hellip;\n","protected":false},"author":3,"featured_media":2825,"comment_status":"closed","ping_status":"closed","sticky":false,"template":"","format":"standard","meta":{"footnotes":""},"categories":[17,10,15,9,11],"tags":[],"class_list":{"0":"post-2824","1":"post","2":"type-post","3":"status-publish","4":"format-standard","5":"has-post-thumbnail","7":"category-actualidad","8":"category-comunal","9":"category-policial","10":"category-portada","11":"category-regional"},"_links":{"self":[{"href":"https:\/\/www.diariohiggins.cl\/portal\/wp-json\/wp\/v2\/posts\/2824","targetHints":{"allow":["GET"]}}],"collection":[{"href":"https:\/\/www.diariohiggins.cl\/portal\/wp-json\/wp\/v2\/posts"}],"about":[{"href":"https:\/\/www.diariohiggins.cl\/portal\/wp-json\/wp\/v2\/types\/post"}],"author":[{"embeddable":true,"href":"https:\/\/www.diariohiggins.cl\/portal\/wp-json\/wp\/v2\/users\/3"}],"replies":[{"embeddable":true,"href":"https:\/\/www.diariohiggins.cl\/portal\/wp-json\/wp\/v2\/comments?post=2824"}],"version-history":[{"count":1,"href":"https:\/\/www.diariohiggins.cl\/portal\/wp-json\/wp\/v2\/posts\/2824\/revisions"}],"predecessor-version":[{"id":2826,"href":"https:\/\/www.diariohiggins.cl\/portal\/wp-json\/wp\/v2\/posts\/2824\/revisions\/2826"}],"wp:featuredmedia":[{"embeddable":true,"href":"https:\/\/www.diariohiggins.cl\/portal\/wp-json\/wp\/v2\/media\/2825"}],"wp:attachment":[{"href":"https:\/\/www.diariohiggins.cl\/portal\/wp-json\/wp\/v2\/media?parent=2824"}],"wp:term":[{"taxonomy":"category","embeddable":true,"href":"https:\/\/www.diariohiggins.cl\/portal\/wp-json\/wp\/v2\/categories?post=2824"},{"taxonomy":"post_tag","embeddable":true,"href":"https:\/\/www.diariohiggins.cl\/portal\/wp-json\/wp\/v2\/tags?post=2824"}],"curies":[{"name":"wp","href":"https:\/\/api.w.org\/{rel}","templated":true}]}}