{"id":2815,"date":"2025-11-26T12:20:29","date_gmt":"2025-11-26T12:20:29","guid":{"rendered":"https:\/\/www.diariohiggins.cl\/portal\/?p=2815"},"modified":"2025-12-08T16:11:13","modified_gmt":"2025-12-08T16:11:13","slug":"comision-de-educacion-de-la-camara-aprueba-proyecto-que-fortalece-el-sistema-de-educacion-publica-y-los-slep","status":"publish","type":"post","link":"https:\/\/www.diariohiggins.cl\/portal\/2025\/11\/26\/comision-de-educacion-de-la-camara-aprueba-proyecto-que-fortalece-el-sistema-de-educacion-publica-y-los-slep\/","title":{"rendered":"Comisi\u00f3n de Educaci\u00f3n de la C\u00e1mara aprueba proyecto que fortalece el Sistema de Educaci\u00f3n P\u00fablica y los SLEP"},"content":{"rendered":"\n<ul class=\"wp-block-list\">\n<li>El ministro Nicol\u00e1s Cataldo asegur\u00f3 que el debate en esta instancia permiti\u00f3 profundizar \u201cen las condiciones estructurales, tanto de los problemas que arrastra la educaci\u00f3n p\u00fablica como de sus potenciales soluciones\u201d. Asegur\u00f3 que \u201csi mantenemos esta pol\u00edtica, la seguimos mejorando y la cuidamos, efectivamente creo que vamos a tener un futuro mucho mejor\u201d.<\/li>\n<\/ul>\n\n\n\n<figure class=\"wp-block-image size-large\"><img loading=\"lazy\" decoding=\"async\" width=\"1024\" height=\"577\" src=\"https:\/\/www.diariohiggins.cl\/portal\/wp-content\/uploads\/2025\/11\/comision-aprueba-1-1024x577.jpg\" alt=\"\" class=\"wp-image-2816\" srcset=\"https:\/\/www.diariohiggins.cl\/portal\/wp-content\/uploads\/2025\/11\/comision-aprueba-1-1024x577.jpg 1024w, https:\/\/www.diariohiggins.cl\/portal\/wp-content\/uploads\/2025\/11\/comision-aprueba-1-300x169.jpg 300w, https:\/\/www.diariohiggins.cl\/portal\/wp-content\/uploads\/2025\/11\/comision-aprueba-1-768x432.jpg 768w, https:\/\/www.diariohiggins.cl\/portal\/wp-content\/uploads\/2025\/11\/comision-aprueba-1-1536x865.jpg 1536w, https:\/\/www.diariohiggins.cl\/portal\/wp-content\/uploads\/2025\/11\/comision-aprueba-1-2048x1153.jpg 2048w, https:\/\/www.diariohiggins.cl\/portal\/wp-content\/uploads\/2025\/11\/comision-aprueba-1-110x62.jpg 110w, https:\/\/www.diariohiggins.cl\/portal\/wp-content\/uploads\/2025\/11\/comision-aprueba-1-200x113.jpg 200w, https:\/\/www.diariohiggins.cl\/portal\/wp-content\/uploads\/2025\/11\/comision-aprueba-1-380x214.jpg 380w, https:\/\/www.diariohiggins.cl\/portal\/wp-content\/uploads\/2025\/11\/comision-aprueba-1-255x144.jpg 255w, https:\/\/www.diariohiggins.cl\/portal\/wp-content\/uploads\/2025\/11\/comision-aprueba-1-550x310.jpg 550w, https:\/\/www.diariohiggins.cl\/portal\/wp-content\/uploads\/2025\/11\/comision-aprueba-1-800x450.jpg 800w, https:\/\/www.diariohiggins.cl\/portal\/wp-content\/uploads\/2025\/11\/comision-aprueba-1-1160x653.jpg 1160w, https:\/\/www.diariohiggins.cl\/portal\/wp-content\/uploads\/2025\/11\/comision-aprueba-1-scaled.jpg 2560w\" sizes=\"auto, (max-width: 1024px) 100vw, 1024px\" \/><\/figure>\n\n\n\n<p>Tras una intensa jornada de votaci\u00f3n, este martes la Comisi\u00f3n de Educaci\u00f3n de la C\u00e1mara de Diputadas y Diputados aprob\u00f3 en particular el proyecto de ley que fortalece la instalaci\u00f3n y administraci\u00f3n del Sistema de Educaci\u00f3n P\u00fablica y sus Servicios Locales (SLEP).&nbsp;<\/p>\n\n\n\n<p>El ministro Nicol\u00e1s Cataldo valor\u00f3 el trabajo desarrollado por esta instancia parlamentaria y asegur\u00f3 que \u201cel tono que se ha dado y el debate que se ha logrado desarrollar en esta comisi\u00f3n dignifica la discusi\u00f3n educativa (\u2026) Creo que se ha permitido profundizar en las condiciones estructurales, tanto de los problemas que arrastra la educaci\u00f3n p\u00fablica como de sus potenciales soluciones\u201d.<\/p>\n\n\n\n<p>La autoridad del Mineduc manifest\u00f3 que la implementaci\u00f3n del Sistema de Educaci\u00f3n P\u00fablica es \u201cun proceso que es extremadamente delicado, si se considera el universo total a traspasar\u201d. Esto, teniendo en cuenta que, en enero de 2026, el pa\u00eds sumar\u00e1 36 SLEP en r\u00e9gimen, cubriendo 642 mil estudiantes y m\u00e1s de 3 mil establecimientos y jardines infantiles en todo Chile.&nbsp;<\/p>\n\n\n\n<p>Cataldo sostuvo que \u201csi bien es cierto que hay servicios locales con dificultades, la mayor\u00eda de ellos est\u00e1 teniendo buenos resultados tambi\u00e9n\u201d. Destac\u00f3 que en el caso del Simce 2024, \u201csi a nivel nacional en cuarto b\u00e1sico hemos crecido a un ritmo de seis, siete puntos promedio como sistema; en los servicios locales el ritmo es de 11 a 13 puntos (\u2026) En revinculaci\u00f3n, tambi\u00e9n los servicios locales est\u00e1n creciendo a un ritmo mayor\u201d.<\/p>\n\n\n\n<p>El ministro agreg\u00f3 que \u201clleg\u00f3 la hora de que comprendamos esta pol\u00edtica como una pol\u00edtica de Estado (\u2026) Si mantenemos esta pol\u00edtica, la seguimos mejorando y la cuidamos, efectivamente, creo que vamos a tener un futuro mucho mejor para la educaci\u00f3n p\u00fablica en nuestro pa\u00eds\u201d.<\/p>\n\n\n\n<p>El proyecto de ley continuar\u00e1 su discusi\u00f3n pr\u00f3ximamente en la Comisi\u00f3n de Hacienda de la C\u00e1mara, y, de ser aprobado, deber\u00e1 pasar a Sala para su votaci\u00f3n final.<\/p>\n\n\n\n<p><strong>Seis ejes para fortalecer el Sistema de Educaci\u00f3n P\u00fablica<\/strong><\/p>\n\n\n\n<p>La iniciativa considera seis ejes de acci\u00f3n, con diversas medidas y acciones:&nbsp;<\/p>\n\n\n\n<p>1)&nbsp;&nbsp;&nbsp;&nbsp;&nbsp;&nbsp;&nbsp;&nbsp;&nbsp;&nbsp;&nbsp; Mejorar el proceso de traspaso de establecimientos: Se propone que los planes de transici\u00f3n sean universales, contemplando incluso sanciones a los alcaldes, y se ampliar\u00e1 de uno a dos a\u00f1os el plazo para el traspaso de establecimientos educacionales a los SLEP.<\/p>\n\n\n\n<p>2)&nbsp;&nbsp;&nbsp;&nbsp;&nbsp;&nbsp;&nbsp;&nbsp;&nbsp;&nbsp;&nbsp; Desarrollar capacidades en los Servicios Locales: Se agilizar\u00e1 el nombramiento de los directores ejecutivos de los SLEP y se establecer\u00e1 un nuevo sistema de responsabilidad administrativa respecto de ellos. En materia de infraestructura y mantenci\u00f3n, se crear\u00e1 por ley un Fondo de Infraestructura para la Educaci\u00f3n P\u00fablica, para establecimientos dependientes de los SLEP.<\/p>\n\n\n\n<p>3)&nbsp;&nbsp;&nbsp;&nbsp;&nbsp;&nbsp;&nbsp;&nbsp;&nbsp;&nbsp;&nbsp; Fomentar la vinculaci\u00f3n de los SLEP con las comunidades: Los Comit\u00e9s Directivos Locales deber\u00e1n entregar a los directores ejecutivos planes de acci\u00f3n de vinculaci\u00f3n institucional en el \u00e1mbito regional y comunal. Adem\u00e1s, se incorporan integrantes a los Consejos Locales, y se establece un mecanismo objetivo para determinar la creaci\u00f3n de oficinas locales.<\/p>\n\n\n\n<p>4)&nbsp;&nbsp;&nbsp;&nbsp;&nbsp;&nbsp;&nbsp;&nbsp;&nbsp;&nbsp;&nbsp; Fortalecer las funciones de apoyo a los SLEP que recaen en Direcci\u00f3n de Educaci\u00f3n P\u00fablica: La DEP podr\u00e1 prestar asistencia pedag\u00f3gica, administrativa y financiera a los SLEP y podr\u00e1 transferirles recursos para infraestructura y equipamiento mediante resoluci\u00f3n. Por otra parte, se podr\u00e1n entregar, cuando sea necesario para evitar situaciones cr\u00edticas en un Servicio Local, lineamientos para asegurar el cumplimiento del Convenio de Gesti\u00f3n del director ejecutivo.<\/p>\n\n\n\n<p>5)&nbsp;&nbsp;&nbsp;&nbsp;&nbsp;&nbsp;&nbsp;&nbsp;&nbsp;&nbsp;&nbsp; Mejorar el acompa\u00f1amiento del Mineduc y la articulaci\u00f3n con otros servicios: Se fortalecer\u00e1 la Mesa Ejecutiva para la Coordinaci\u00f3n Regional, que facilitar\u00e1 la vinculaci\u00f3n entre servicios p\u00fablicos que se relacionen con el Sistema de Educaci\u00f3n P\u00fablica.<\/p>\n\n\n\n<p>6)&nbsp;&nbsp;&nbsp;&nbsp;&nbsp;&nbsp;&nbsp;&nbsp;&nbsp;&nbsp;&nbsp; Reconocer el estatus de pol\u00edtica de Estado Sistema de Educaci\u00f3n P\u00fablica: Se crear\u00e1 un Comit\u00e9 de Ministros para el Sistema de Educaci\u00f3n P\u00fablica, que reunir\u00e1 a 10 ministerios, y se reunir\u00e1 al menos dos veces al a\u00f1o con el objeto de fomentar la colaboraci\u00f3n de los servicios p\u00fablicos y atender las necesidades urgentes de los SLEP.<\/p>\n","protected":false},"excerpt":{"rendered":"Tras una intensa jornada de votaci\u00f3n, este martes la Comisi\u00f3n de Educaci\u00f3n de la C\u00e1mara de Diputadas y&hellip;\n","protected":false},"author":4,"featured_media":2817,"comment_status":"closed","ping_status":"closed","sticky":false,"template":"","format":"standard","meta":{"footnotes":""},"categories":[23],"tags":[],"class_list":{"0":"post-2815","1":"post","2":"type-post","3":"status-publish","4":"format-standard","5":"has-post-thumbnail","7":"category-principal"},"_links":{"self":[{"href":"https:\/\/www.diariohiggins.cl\/portal\/wp-json\/wp\/v2\/posts\/2815","targetHints":{"allow":["GET"]}}],"collection":[{"href":"https:\/\/www.diariohiggins.cl\/portal\/wp-json\/wp\/v2\/posts"}],"about":[{"href":"https:\/\/www.diariohiggins.cl\/portal\/wp-json\/wp\/v2\/types\/post"}],"author":[{"embeddable":true,"href":"https:\/\/www.diariohiggins.cl\/portal\/wp-json\/wp\/v2\/users\/4"}],"replies":[{"embeddable":true,"href":"https:\/\/www.diariohiggins.cl\/portal\/wp-json\/wp\/v2\/comments?post=2815"}],"version-history":[{"count":1,"href":"https:\/\/www.diariohiggins.cl\/portal\/wp-json\/wp\/v2\/posts\/2815\/revisions"}],"predecessor-version":[{"id":2818,"href":"https:\/\/www.diariohiggins.cl\/portal\/wp-json\/wp\/v2\/posts\/2815\/revisions\/2818"}],"wp:featuredmedia":[{"embeddable":true,"href":"https:\/\/www.diariohiggins.cl\/portal\/wp-json\/wp\/v2\/media\/2817"}],"wp:attachment":[{"href":"https:\/\/www.diariohiggins.cl\/portal\/wp-json\/wp\/v2\/media?parent=2815"}],"wp:term":[{"taxonomy":"category","embeddable":true,"href":"https:\/\/www.diariohiggins.cl\/portal\/wp-json\/wp\/v2\/categories?post=2815"},{"taxonomy":"post_tag","embeddable":true,"href":"https:\/\/www.diariohiggins.cl\/portal\/wp-json\/wp\/v2\/tags?post=2815"}],"curies":[{"name":"wp","href":"https:\/\/api.w.org\/{rel}","templated":true}]}}