{"id":2809,"date":"2025-11-24T16:06:15","date_gmt":"2025-11-24T16:06:15","guid":{"rendered":"https:\/\/www.diariohiggins.cl\/portal\/?p=2809"},"modified":"2025-12-08T16:11:25","modified_gmt":"2025-12-08T16:11:25","slug":"cerca-de-9-mil-estudiantes-participaran-del-programa-comunidades-educativas-protegidas-en-san-fernando","status":"publish","type":"post","link":"https:\/\/www.diariohiggins.cl\/portal\/2025\/11\/24\/cerca-de-9-mil-estudiantes-participaran-del-programa-comunidades-educativas-protegidas-en-san-fernando\/","title":{"rendered":"Cerca de 9 mil estudiantes participar\u00e1n del Programa Comunidades Educativas Protegidas en San Fernando"},"content":{"rendered":"\n<ul class=\"wp-block-list\">\n<li>Prevenir y abordar de manera oportuna situaciones o hechos de violencia al interior o entorno inmediato de los 13 establecimientos educacionales focalizados en la capital de la provincia de Colchagua.<\/li>\n<\/ul>\n\n\n\n<figure class=\"wp-block-image size-large\"><img loading=\"lazy\" decoding=\"async\" width=\"1024\" height=\"768\" src=\"https:\/\/www.diariohiggins.cl\/portal\/wp-content\/uploads\/2025\/11\/prot-sn-fdo-25-1024x768.jpeg\" alt=\"\" class=\"wp-image-2810\" srcset=\"https:\/\/www.diariohiggins.cl\/portal\/wp-content\/uploads\/2025\/11\/prot-sn-fdo-25-1024x768.jpeg 1024w, https:\/\/www.diariohiggins.cl\/portal\/wp-content\/uploads\/2025\/11\/prot-sn-fdo-25-300x225.jpeg 300w, https:\/\/www.diariohiggins.cl\/portal\/wp-content\/uploads\/2025\/11\/prot-sn-fdo-25-768x576.jpeg 768w, https:\/\/www.diariohiggins.cl\/portal\/wp-content\/uploads\/2025\/11\/prot-sn-fdo-25-1536x1152.jpeg 1536w, https:\/\/www.diariohiggins.cl\/portal\/wp-content\/uploads\/2025\/11\/prot-sn-fdo-25-110x83.jpeg 110w, https:\/\/www.diariohiggins.cl\/portal\/wp-content\/uploads\/2025\/11\/prot-sn-fdo-25-200x150.jpeg 200w, https:\/\/www.diariohiggins.cl\/portal\/wp-content\/uploads\/2025\/11\/prot-sn-fdo-25-380x285.jpeg 380w, https:\/\/www.diariohiggins.cl\/portal\/wp-content\/uploads\/2025\/11\/prot-sn-fdo-25-255x191.jpeg 255w, https:\/\/www.diariohiggins.cl\/portal\/wp-content\/uploads\/2025\/11\/prot-sn-fdo-25-550x413.jpeg 550w, https:\/\/www.diariohiggins.cl\/portal\/wp-content\/uploads\/2025\/11\/prot-sn-fdo-25-800x600.jpeg 800w, https:\/\/www.diariohiggins.cl\/portal\/wp-content\/uploads\/2025\/11\/prot-sn-fdo-25-1160x870.jpeg 1160w, https:\/\/www.diariohiggins.cl\/portal\/wp-content\/uploads\/2025\/11\/prot-sn-fdo-25.jpeg 1600w\" sizes=\"auto, (max-width: 1024px) 100vw, 1024px\" \/><\/figure>\n\n\n\n<p>Rancagua, noviembre de 2025. En el sal\u00f3n del ex liceo de hombres de San Fernando, Neandro Schilling, se realiz\u00f3 la primera jornada \u2013 taller del Programa \u201cComunidades Educativas Protegidas\u201d, actividad dirigida a estudiantes, docentes, asistentes de la educaci\u00f3n, equipos directivos, apoderados y familias de la mencionada comuna.<\/p>\n\n\n\n<p>En O\u00b4Higgins, la comuna de San Fernando \u2013 al igual que Rancagua \u2013 forma parte del inicio del programa Comunidades Educativas Protegidas, el cual reafirma el compromiso de brindar entornos seguros y respetuosos por la &nbsp;dignidad de ni\u00f1as, ni\u00f1os y adolescentes. El encuentro pone como foco el fortalecimiento del bienestar integral y al mismo tiempo, asegurar la continuidad de sus trayectorias educativas, especialmente frente a situaciones que puedan afectar la seguridad y\/o sus aprendizajes.<\/p>\n\n\n\n<p>Al respecto, la seremi de Educaci\u00f3n, Alyson Hadad, contextualiz\u00f3: \u201cLos hechos de violencia y situaciones cr\u00edticas en centros educativos que tanto nos conmocionan requieren ser abordados por el Estado, involucrando a distintos ministerios y servicios. Por ello, como MINEDUC y gracias al trabajo conjunto con la Subsecretar\u00eda de Prevenci\u00f3n del Delito, Subsecretar\u00eda de la Ni\u00f1ez y Superintendencia de Educaci\u00f3n, realizamos esta jornada \u2013 taller que cont\u00f3 con una interesante exposici\u00f3n de Responsabilidad Penal Adolescente y una charla de estilos de vida saludables por parte de la Unidad de Promoci\u00f3n de la Salud\u201d.<\/p>\n\n\n\n<p>Los establecimientos focalizados de San Fernando agrupan a 8.686 estudiantes, pero este programa tambi\u00e9n considera a otros integrantes de las comunidades educativas; como los son equipos directivos, docentes, asistentes de la educaci\u00f3n y familias:<\/p>\n\n\n\n<ol class=\"wp-block-list\">\n<li>Instituto Comercial Alberto Valenzuela Lanos<\/li>\n\n\n\n<li>Escuela Pedro Morales Barrera<\/li>\n\n\n\n<li>Liceo Neandro Schilling<\/li>\n\n\n\n<li>Colegio Isabel La Cat\u00f3lica<\/li>\n\n\n\n<li>Escuela Villa Centinela<\/li>\n\n\n\n<li>Escuela Jorge Mu\u00f1oz Silva<\/li>\n\n\n\n<li>Escuela Washington Venegas<\/li>\n\n\n\n<li>Liceo Industrial de San Fernando<\/li>\n\n\n\n<li>&nbsp;&nbsp;San Fernando College<\/li>\n\n\n\n<li>Colegio Inmaculada Concepci\u00f3n<\/li>\n\n\n\n<li>Liceo Gregorio Argomedo<\/li>\n\n\n\n<li>British College<\/li>\n\n\n\n<li>Colegio Hermano de As\u00eds<\/li>\n<\/ol>\n\n\n\n<p>Claudia Pereira G\u00e1lvez, directora del Liceo Neandro Schilling, manifest\u00f3 su agradecimiento al MINEDUC a trav\u00e9s de la seremi Alyson Hadad y al departamento provincial de Educaci\u00f3n Colchagua, encabezado por su jefa, Andrea Mira, por ser parte de los establecimientos focalizados de San Fernando.<\/p>\n\n\n\n<p>\u201cTrabajaremos de manera intersectorial para abordar la violencia escolar mediante estrategias de trabajo colaborativo. Como comunidad educativa, es muy importante el bienestar socioemocional y respeto mutuo entre todos los integrantes de las unidades educativas. En particular, queremos que nuestro liceo sea un espacio seguro, libre de violencia, donde exista el autocuidado mutuo, tanto de estudiantes, familias y funcionarios\u201d, indic\u00f3 la directiva.<\/p>\n\n\n\n<p>\u201cQueremos que los estudiantes que se van a incorporar a nuestro liceo sientan que este espacio, el espacio del Neandro Schilling, es un espacio en donde sus derechos se cuidan garantizan y donde se previenen y abordan situaciones de violencia para que todas y todos podamos desarrollarnos libremente para construir nuestros proyectos y trayectorias educativas\u201d, concluy\u00f3 la directora Claudia Pereira.<\/p>\n\n\n\n<p>Adem\u00e1s de las charlas y talleres realizados, el arte y la m\u00fasica tambi\u00e9n se hizo presente durante la jornada, contando con la presentaci\u00f3n de la banda de rock del Instituto Comercial de San Fernando (INCOSAF), la banda del Primer Ciclo del San Fernando College y \u201cPentagrama\u201d del SF College.<\/p>\n\n\n\n<p>Por su parte, el director ejecutivo del Servicio Local de Educaci\u00f3n P\u00fablica Colchagua, Rodrigo Valenzuela, indic\u00f3: \u201cQuiero, primeramente, felicitar a todos quienes participaron de la jornada Comunidades Educativas Protegidas, la cual tuvo como finalidad prevenir y abordar de manera oportuna situaciones de violencia en o los alrededores de nuestras escuelas y liceos generando l\u00edneas de acci\u00f3n concretas; de esta manera, San Fernando con sus 7 establecimientos seleccionados que asistieron, recibieron capacitaci\u00f3n para enfrentar hechos violentos\u201d.<\/p>\n","protected":false},"excerpt":{"rendered":"Rancagua, noviembre de 2025. En el sal\u00f3n del ex liceo de hombres de San Fernando, Neandro Schilling, se&hellip;\n","protected":false},"author":4,"featured_media":2811,"comment_status":"closed","ping_status":"closed","sticky":false,"template":"","format":"standard","meta":{"footnotes":""},"categories":[23],"tags":[],"class_list":{"0":"post-2809","1":"post","2":"type-post","3":"status-publish","4":"format-standard","5":"has-post-thumbnail","7":"category-principal"},"_links":{"self":[{"href":"https:\/\/www.diariohiggins.cl\/portal\/wp-json\/wp\/v2\/posts\/2809","targetHints":{"allow":["GET"]}}],"collection":[{"href":"https:\/\/www.diariohiggins.cl\/portal\/wp-json\/wp\/v2\/posts"}],"about":[{"href":"https:\/\/www.diariohiggins.cl\/portal\/wp-json\/wp\/v2\/types\/post"}],"author":[{"embeddable":true,"href":"https:\/\/www.diariohiggins.cl\/portal\/wp-json\/wp\/v2\/users\/4"}],"replies":[{"embeddable":true,"href":"https:\/\/www.diariohiggins.cl\/portal\/wp-json\/wp\/v2\/comments?post=2809"}],"version-history":[{"count":2,"href":"https:\/\/www.diariohiggins.cl\/portal\/wp-json\/wp\/v2\/posts\/2809\/revisions"}],"predecessor-version":[{"id":2813,"href":"https:\/\/www.diariohiggins.cl\/portal\/wp-json\/wp\/v2\/posts\/2809\/revisions\/2813"}],"wp:featuredmedia":[{"embeddable":true,"href":"https:\/\/www.diariohiggins.cl\/portal\/wp-json\/wp\/v2\/media\/2811"}],"wp:attachment":[{"href":"https:\/\/www.diariohiggins.cl\/portal\/wp-json\/wp\/v2\/media?parent=2809"}],"wp:term":[{"taxonomy":"category","embeddable":true,"href":"https:\/\/www.diariohiggins.cl\/portal\/wp-json\/wp\/v2\/categories?post=2809"},{"taxonomy":"post_tag","embeddable":true,"href":"https:\/\/www.diariohiggins.cl\/portal\/wp-json\/wp\/v2\/tags?post=2809"}],"curies":[{"name":"wp","href":"https:\/\/api.w.org\/{rel}","templated":true}]}}