{"id":2794,"date":"2025-11-10T17:23:51","date_gmt":"2025-11-10T17:23:51","guid":{"rendered":"https:\/\/www.diariohiggins.cl\/portal\/?p=2794"},"modified":"2025-11-10T17:23:53","modified_gmt":"2025-11-10T17:23:53","slug":"mineduc-reitera-medidas-para-establecimientos-que-funcionaran-como-locales-de-votacion-en-elecciones-presidenciales-y-parlamentarias-2025","status":"publish","type":"post","link":"https:\/\/www.diariohiggins.cl\/portal\/2025\/11\/10\/mineduc-reitera-medidas-para-establecimientos-que-funcionaran-como-locales-de-votacion-en-elecciones-presidenciales-y-parlamentarias-2025\/","title":{"rendered":"Mineduc reitera medidas para establecimientos que funcionar\u00e1n como locales de votaci\u00f3n en Elecciones Presidenciales y Parlamentarias 2025"},"content":{"rendered":"\n<ul class=\"wp-block-list\">\n<li>Los establecimientos educacionales se entregar\u00e1n a las fuerzas de orden el viernes 14 de noviembre a partir de las 17:00 horas y ser\u00e1n devueltos el domingo 16 de noviembre en la noche.<\/li>\n\n\n\n<li>En caso de que el sostenedor lo solicite, la Secretar\u00eda Regional Ministerial de Educaci\u00f3n respectiva autorizar\u00e1 la suspensi\u00f3n de clases para el lunes 17 de noviembre, que deber\u00e1 ser con recuperaci\u00f3n.<\/li>\n<\/ul>\n\n\n\n<p>El Ministerio de Educaci\u00f3n comunic\u00f3 que, con motivo de las Elecciones Presidenciales y Parlamentarias que se realizar\u00e1n el pr\u00f3ximo domingo 16 de noviembre, se ha promovido la continuidad del proceso educativo, evitando la suspensi\u00f3n de clases. Por ello se estableci\u00f3 que los establecimientos educacionales que ser\u00e1n locales de votaci\u00f3n se entregar\u00e1n a las fuerzas de orden el viernes 14 de noviembre a partir de las 17:00 horas y ser\u00e1n devueltos el domingo 16 de noviembre en la noche.&nbsp;<\/p>\n\n\n\n<p>La secretaria ministerial de Educaci\u00f3n, SEREMI Alyson Hadad, se\u00f1al\u00f3: \u201cNo obstante, los sostenedores de los establecimientos educacionales que funcionen como locales de votaci\u00f3n podr\u00e1n solicitar, en caso de ser necesario, la suspensi\u00f3n de clases \u2013con recuperaci\u00f3n- para el lunes 17 de noviembre, las que ser\u00e1n aprobadas por su respectiva Secretar\u00eda Regional Ministerial de Educaci\u00f3n\u201d, inform\u00f3 la autoridad.<\/p>\n\n\n\n<p>La subsecretaria de Educaci\u00f3n, Alejandra Arratia Mart\u00ednez, destac\u00f3 que \u201cel oficio enviado por el Ministerio se\u00f1ala la posibilidad de suspender clases el 17 de noviembre, conforme a la normativa vigente. Atendiendo las inquietudes de algunos sostenedores, especialmente de recintos que funcionar\u00e1n como colegios escrutadores y que podr\u00edan finalizar la sanitizaci\u00f3n m\u00e1s tarde, reforzamos que las Secretar\u00edas Regionales Ministeriales de Educaci\u00f3n autorizar\u00e1n estas solicitudes para facilitar el proceso\u201d.<\/p>\n\n\n\n<p>El pasado 21 de octubre, y en coordinaci\u00f3n con el Servicio Electoral (SERVEL) y el Ministerio del Interior, el Ministerio de Educaci\u00f3n envi\u00f3 a todas las Secretar\u00edas Regionales Ministeriales del pa\u00eds el oficio N\u00b0 924 con las directrices necesarias para garantizar el normal desarrollo de las elecciones y la continuidad del proceso educativo. Estas directrices se\u00f1alan lo siguiente:<\/p>\n\n\n\n<p>1.&nbsp;&nbsp;&nbsp;&nbsp; Entrega de establecimientos y continuidad escolar: Los establecimientos escolares designados como locales de votaci\u00f3n ser\u00e1n entregados a las fuerzas encargadas del orden p\u00fablico el viernes 14 de noviembre a partir de las 17:00 horas. Hasta ese horario, las actividades educativas se desarrollar\u00e1n con normalidad, sin requerir la suspensi\u00f3n de clases. Las Fuerzas Armadas y Carabineros permanecer\u00e1n en los establecimientos desde ese momento hasta el cierre de las funciones electorales, o hasta el t\u00e9rmino de la labor de los Colegios Escrutadores, seg\u00fan corresponda.<\/p>\n\n\n\n<p>La decisi\u00f3n de entregar los establecimientos en la tarde del viernes se sustenta en:<\/p>\n\n\n\n<p>\u2022&nbsp;&nbsp;&nbsp;&nbsp;&nbsp; Evitar la p\u00e9rdida de clases: Es fundamental que los procesos de ense\u00f1anza y aprendizaje sean lo m\u00e1s regulares y sistem\u00e1ticos posibles. Una semana escolar con un d\u00eda menos afecta no solo por la p\u00e9rdida de esa jornada, sino tambi\u00e9n porque la recuperaci\u00f3n del ritmo escolar no es instant\u00e1nea, requiere tiempo.<\/p>\n\n\n\n<p>\u2022&nbsp;&nbsp;&nbsp;&nbsp;&nbsp; Reactivaci\u00f3n: desde el t\u00e9rmino de la pandemia, el Ministerio de Educaci\u00f3n ha desarrollado diversas iniciativas tendientes a recuperar los porcentajes de asistencia establecidos como condiciones para el aprendizaje, as\u00ed como tambi\u00e9n revincular a estudiantes que como consecuencia del fen\u00f3meno vivido dejaron de asistir a un establecimiento escolar.<\/p>\n\n\n\n<p>\u2022&nbsp;&nbsp;&nbsp;&nbsp;&nbsp; Alimentaci\u00f3n escolar: cada d\u00eda de clases se reparten alrededor de 3.100.000 de raciones alimenticias. Muchas familias organizan sus prepuestos considerando esta situaci\u00f3n, es decir, tienen incorporado a su gasto solo la alimentaci\u00f3n de la tarde.<\/p>\n\n\n\n<p>2.&nbsp;&nbsp;&nbsp;&nbsp; Ingreso y custodia de materiales electorales: El viernes 14 de noviembre a las 09:00 horas, el delegado electoral y dos custodios militares ingresar\u00e1n a los establecimientos educacionales para recibir y custodiar los materiales del proceso. Para ello, los recintos educativos deber\u00e1n habilitar una o dos salas destinadas al acopio, en coordinaci\u00f3n con el delegado electoral. La custodia de los materiales estar\u00e1 a cargo de los custodios militares, uno de los cuales actuar\u00e1 como jefe del local de votaci\u00f3n, responsable de resguardar el orden y la transparencia del proceso.<\/p>\n\n\n\n<p>3.&nbsp;&nbsp;&nbsp;&nbsp; Retorno a clases: Los establecimientos ser\u00e1n devueltos por las fuerzas de orden el domingo 16 de noviembre en la noche, adopt\u00e1ndose las medidas necesarias de higiene y orden para asegurar el retorno normal a clases el lunes 17 de noviembre.<\/p>\n\n\n\n<p>4.&nbsp;&nbsp;&nbsp;&nbsp; Suspensi\u00f3n de clases: Los sostenedores de los establecimientos educacionales que funcionar\u00e1n como locales de votaci\u00f3n y que as\u00ed lo estimen necesario, podr\u00e1n solicitar la suspensi\u00f3n de clases para el lunes 17 de noviembre, con recuperaci\u00f3n, la que ser\u00e1 aprobada por la respectiva Secretar\u00eda Regional Ministerial de Educaci\u00f3n.<\/p>\n\n\n\n<p>5.&nbsp;&nbsp;&nbsp;&nbsp; Casos excepcionales: En los establecimientos definidos como locales escrutadores, las situaciones particulares deber\u00e1n ser resueltas a nivel local, asegurando siempre la continuidad del servicio educativo y disponiendo de los espacios necesarios para el funcionamiento de los miembros de los Colegios Escrutadores. Si alg\u00fan sostenedor solicita la suspensi\u00f3n de clases, dicha solicitud deber\u00e1 tramitarse conforme a la normativa vigente, incluyendo la correspondiente recuperaci\u00f3n de clases.<\/p>\n\n\n\n<p>Estas medidas responden a una articulaci\u00f3n entre distintas instituciones del Estado para garantizar un proceso electoral seguro y transparente, junto con velar por el resguardo y continuidad del proceso educativo de las comunidades que se mantienen en clases, de acuerdo con lo establecido en su calendario escolar regional.<\/p>\n","protected":false},"excerpt":{"rendered":"El Ministerio de Educaci\u00f3n comunic\u00f3 que, con motivo de las Elecciones Presidenciales y Parlamentarias que se realizar\u00e1n el&hellip;\n","protected":false},"author":4,"featured_media":2795,"comment_status":"closed","ping_status":"closed","sticky":false,"template":"","format":"standard","meta":{"footnotes":""},"categories":[23],"tags":[],"class_list":{"0":"post-2794","1":"post","2":"type-post","3":"status-publish","4":"format-standard","5":"has-post-thumbnail","7":"category-principal"},"_links":{"self":[{"href":"https:\/\/www.diariohiggins.cl\/portal\/wp-json\/wp\/v2\/posts\/2794","targetHints":{"allow":["GET"]}}],"collection":[{"href":"https:\/\/www.diariohiggins.cl\/portal\/wp-json\/wp\/v2\/posts"}],"about":[{"href":"https:\/\/www.diariohiggins.cl\/portal\/wp-json\/wp\/v2\/types\/post"}],"author":[{"embeddable":true,"href":"https:\/\/www.diariohiggins.cl\/portal\/wp-json\/wp\/v2\/users\/4"}],"replies":[{"embeddable":true,"href":"https:\/\/www.diariohiggins.cl\/portal\/wp-json\/wp\/v2\/comments?post=2794"}],"version-history":[{"count":1,"href":"https:\/\/www.diariohiggins.cl\/portal\/wp-json\/wp\/v2\/posts\/2794\/revisions"}],"predecessor-version":[{"id":2796,"href":"https:\/\/www.diariohiggins.cl\/portal\/wp-json\/wp\/v2\/posts\/2794\/revisions\/2796"}],"wp:featuredmedia":[{"embeddable":true,"href":"https:\/\/www.diariohiggins.cl\/portal\/wp-json\/wp\/v2\/media\/2795"}],"wp:attachment":[{"href":"https:\/\/www.diariohiggins.cl\/portal\/wp-json\/wp\/v2\/media?parent=2794"}],"wp:term":[{"taxonomy":"category","embeddable":true,"href":"https:\/\/www.diariohiggins.cl\/portal\/wp-json\/wp\/v2\/categories?post=2794"},{"taxonomy":"post_tag","embeddable":true,"href":"https:\/\/www.diariohiggins.cl\/portal\/wp-json\/wp\/v2\/tags?post=2794"}],"curies":[{"name":"wp","href":"https:\/\/api.w.org\/{rel}","templated":true}]}}