{"id":2650,"date":"2025-08-12T17:15:56","date_gmt":"2025-08-12T17:15:56","guid":{"rendered":"https:\/\/www.diariohiggins.cl\/portal\/?p=2650"},"modified":"2025-08-12T17:15:57","modified_gmt":"2025-08-12T17:15:57","slug":"jornada-nacional-de-reflexion-pedagogica-sobre-el-desarrollo-profesional-docente","status":"publish","type":"post","link":"https:\/\/www.diariohiggins.cl\/portal\/2025\/08\/12\/jornada-nacional-de-reflexion-pedagogica-sobre-el-desarrollo-profesional-docente\/","title":{"rendered":"Jornada Nacional de Reflexi\u00f3n Pedag\u00f3gica sobre el Desarrollo Profesional Docente"},"content":{"rendered":"\n<ul class=\"wp-block-list\">\n<li>En el marco de la conmemoraci\u00f3n del 58\u00b0 aniversario del CPEIP, el Ministerio de Educaci\u00f3n invita a todas las comunidades educativas del pa\u00eds a participar en la Jornada Nacional de Reflexi\u00f3n Pedag\u00f3gica sobre el Desarrollo Profesional Docente, una instancia clave destinada a fortalecer la labor educativa desde la colaboraci\u00f3n y el di\u00e1logo profesional colectivo.<\/li>\n<\/ul>\n\n\n\n<p>Esta jornada, que se realizar\u00e1 de forma simult\u00e1nea en todo el territorio nacional, busca detenerse a observar de manera profunda el quehacer docente, reflexionar sobre aprendizajes y desaf\u00edos, y proyectar acciones formativas que se incorporen a los Planes Locales de Formaci\u00f3n para el Desarrollo Profesional Docente. Es una oportunidad para resignificar los resultados de los instrumentos de evaluaci\u00f3n docente como herramientas formativas y para poner en valor la identidad profesional en cada escuela.<\/p>\n\n\n\n<p>El dise\u00f1o propuesto sugiere una jornada de aproximadamente tres horas, estructurada en cuatro momentos secuenciales que invitan a observar, dialogar, proyectar y valorar la pr\u00e1ctica docente. Adem\u00e1s, se sugiere un quinto momento posterior, en un ambiente distendido, para fortalecer el sentido de comunidad profesional, mediante testimonios, reconocimientos e intercambio de experiencias.<\/p>\n\n\n\n<p>La Ley N\u00b0 21.625, vigente desde octubre de 2023, respalda esta iniciativa estableciendo un Sistema \u00danico de Evaluaci\u00f3n Docente fundamentado en transparencia, oportunidad y retroalimentaci\u00f3n formativa, y protege el tiempo institucional dedicado a la formaci\u00f3n continua, inducci\u00f3n y acompa\u00f1amiento profesional.<\/p>\n\n\n\n<p>Asimismo, el Plan Local de Formaci\u00f3n se consolida como una herramienta estrat\u00e9gica del Sistema de Desarrollo Profesional Docente, dise\u00f1ada p\u00fablicamente y alineada con el Plan de Mejoramiento Educativo (PME) y el Proyecto Educativo Institucional (PEI), y articulada desde un diagn\u00f3stico participativo y contextualizado en cada establecimiento.<\/p>\n\n\n\n<p>La directora del CPEIP, Lilia Concha, destac\u00f3: \u201cPor primera vez, el CPEIP ha incorporado al calendario escolar un espacio que los equipos docentes necesitan y merecen, no solo para comprender la normativa que deriva de las leyes 20.903 y 21.625, sino sobre todo para reflexionar pedag\u00f3gicamente sobre el sentido m\u00e1s profundo del Sistema de Desarrollo Profesional Docente. El ejercicio docente no puede ser individual ni solitario: debe asumirse en colaboraci\u00f3n y como un desaf\u00edo de toda la comunidad escolar, entendido como un deber pa\u00eds.\u201d<\/p>\n\n\n\n<p>Desde el CPEIP y el Ministerio de Educaci\u00f3n, esta jornada es invitaci\u00f3n a renovar el compromiso colectivo con una docencia reflexiva, comprometida y en constante transformaci\u00f3n. Porque el desarrollo profesional se construye en comunidad, desde la confianza mutua y el prop\u00f3sito compartido. M\u00e1s informaci\u00f3n y orientaciones en <a href=\"https:\/\/cpeip.cl\/jornada-dpd-2025\/\">https:\/\/cpeip.cl\/jornada-dpd-2025\/<\/a><\/p>\n\n\n\n<p><\/p>\n","protected":false},"excerpt":{"rendered":"Esta jornada, que se realizar\u00e1 de forma simult\u00e1nea en todo el territorio nacional, busca detenerse a observar de&hellip;\n","protected":false},"author":4,"featured_media":2651,"comment_status":"closed","ping_status":"closed","sticky":false,"template":"","format":"standard","meta":{"footnotes":""},"categories":[23],"tags":[],"class_list":{"0":"post-2650","1":"post","2":"type-post","3":"status-publish","4":"format-standard","5":"has-post-thumbnail","7":"category-principal"},"_links":{"self":[{"href":"https:\/\/www.diariohiggins.cl\/portal\/wp-json\/wp\/v2\/posts\/2650","targetHints":{"allow":["GET"]}}],"collection":[{"href":"https:\/\/www.diariohiggins.cl\/portal\/wp-json\/wp\/v2\/posts"}],"about":[{"href":"https:\/\/www.diariohiggins.cl\/portal\/wp-json\/wp\/v2\/types\/post"}],"author":[{"embeddable":true,"href":"https:\/\/www.diariohiggins.cl\/portal\/wp-json\/wp\/v2\/users\/4"}],"replies":[{"embeddable":true,"href":"https:\/\/www.diariohiggins.cl\/portal\/wp-json\/wp\/v2\/comments?post=2650"}],"version-history":[{"count":1,"href":"https:\/\/www.diariohiggins.cl\/portal\/wp-json\/wp\/v2\/posts\/2650\/revisions"}],"predecessor-version":[{"id":2652,"href":"https:\/\/www.diariohiggins.cl\/portal\/wp-json\/wp\/v2\/posts\/2650\/revisions\/2652"}],"wp:featuredmedia":[{"embeddable":true,"href":"https:\/\/www.diariohiggins.cl\/portal\/wp-json\/wp\/v2\/media\/2651"}],"wp:attachment":[{"href":"https:\/\/www.diariohiggins.cl\/portal\/wp-json\/wp\/v2\/media?parent=2650"}],"wp:term":[{"taxonomy":"category","embeddable":true,"href":"https:\/\/www.diariohiggins.cl\/portal\/wp-json\/wp\/v2\/categories?post=2650"},{"taxonomy":"post_tag","embeddable":true,"href":"https:\/\/www.diariohiggins.cl\/portal\/wp-json\/wp\/v2\/tags?post=2650"}],"curies":[{"name":"wp","href":"https:\/\/api.w.org\/{rel}","templated":true}]}}