{"id":2636,"date":"2025-08-06T12:20:27","date_gmt":"2025-08-06T12:20:27","guid":{"rendered":"https:\/\/www.diariohiggins.cl\/portal\/?p=2636"},"modified":"2025-08-06T12:20:29","modified_gmt":"2025-08-06T12:20:29","slug":"colegio-artistico-de-machali-es-reconocido-por-aumento-de-asistencia-escolar","status":"publish","type":"post","link":"https:\/\/www.diariohiggins.cl\/portal\/2025\/08\/06\/colegio-artistico-de-machali-es-reconocido-por-aumento-de-asistencia-escolar\/","title":{"rendered":"Colegio Art\u00edstico de Machal\u00ed es reconocido por aumento de asistencia escolar"},"content":{"rendered":"\n<ul class=\"wp-block-list\">\n<li>En una visita por el establecimiento municipal, la seremi de Educaci\u00f3n de O\u00b4Higgins, Alyson Hadad, junto al jefe DEPROV Cachapoal, Gabriel Bosque, compartieron con la mencionada comunidad educativa en el marco de la campa\u00f1a de asistencia impulsada por el Ministerio de Educaci\u00f3n, \u201cVolvamos a Clases: El aprendizaje lo construimos en comunidad\u201d.<\/li>\n<\/ul>\n\n\n\n<figure class=\"wp-block-image size-large\"><img loading=\"lazy\" decoding=\"async\" width=\"1024\" height=\"768\" src=\"https:\/\/www.diariohiggins.cl\/portal\/wp-content\/uploads\/2025\/08\/campana-asistencia-1-1024x768.jpg\" alt=\"\" class=\"wp-image-2637\" srcset=\"https:\/\/www.diariohiggins.cl\/portal\/wp-content\/uploads\/2025\/08\/campana-asistencia-1-1024x768.jpg 1024w, https:\/\/www.diariohiggins.cl\/portal\/wp-content\/uploads\/2025\/08\/campana-asistencia-1-300x225.jpg 300w, https:\/\/www.diariohiggins.cl\/portal\/wp-content\/uploads\/2025\/08\/campana-asistencia-1-768x576.jpg 768w, https:\/\/www.diariohiggins.cl\/portal\/wp-content\/uploads\/2025\/08\/campana-asistencia-1-1536x1152.jpg 1536w, https:\/\/www.diariohiggins.cl\/portal\/wp-content\/uploads\/2025\/08\/campana-asistencia-1-110x83.jpg 110w, https:\/\/www.diariohiggins.cl\/portal\/wp-content\/uploads\/2025\/08\/campana-asistencia-1-200x150.jpg 200w, https:\/\/www.diariohiggins.cl\/portal\/wp-content\/uploads\/2025\/08\/campana-asistencia-1-380x285.jpg 380w, https:\/\/www.diariohiggins.cl\/portal\/wp-content\/uploads\/2025\/08\/campana-asistencia-1-255x191.jpg 255w, https:\/\/www.diariohiggins.cl\/portal\/wp-content\/uploads\/2025\/08\/campana-asistencia-1-550x413.jpg 550w, https:\/\/www.diariohiggins.cl\/portal\/wp-content\/uploads\/2025\/08\/campana-asistencia-1-800x600.jpg 800w, https:\/\/www.diariohiggins.cl\/portal\/wp-content\/uploads\/2025\/08\/campana-asistencia-1-1160x870.jpg 1160w, https:\/\/www.diariohiggins.cl\/portal\/wp-content\/uploads\/2025\/08\/campana-asistencia-1.jpg 1600w\" sizes=\"auto, (max-width: 1024px) 100vw, 1024px\" \/><\/figure>\n\n\n\n<p>Rancagua, 06 de agosto de 2025.- La campa\u00f1a \u201cVolvamos a Clases: El aprendizaje lo construimos en comunidad\u201d busca crear conciencia sobre la importancia de la asistencia a clases para el desarrollo y protecci\u00f3n de ni\u00f1as, ni\u00f1os y adolescentes, enmarcado en su derecho a la educaci\u00f3n.<\/p>\n\n\n\n<p>\u201cA poco de comenzar el segundo semestre, ya tenemos buenas noticias para esta comunidad educativa; primero, por la adjudicaci\u00f3n de un proyecto de Conservaci\u00f3n por m\u00e1s de 500 millones de pesos aprobado por la Comisi\u00f3n de Educaci\u00f3n del CORE y hoy, como autoridades del Ministerio de Educaci\u00f3n, nos encontramos aqu\u00ed porque &#8211;&nbsp; adem\u00e1s &#8211;&nbsp; este destacado establecimiento a aumentado notoriamente su asistencia a clases y esto merece nuestro reconocimiento\u201d, se\u00f1al\u00f3 la seremi Alyson Hadad.<\/p>\n\n\n\n<p>Tanto Asistencia como Aprendizajes han mejorado a tres a\u00f1os del retorno a las aulas, siendo la normalizaci\u00f3n del sistema educativo&nbsp; un legado de la gesti\u00f3n del Presidente Gabriel Boric mediante un plan de Reactivaci\u00f3n Educativa que comenz\u00f3 el a\u00f1o 2023 y que, a la fecha, contin\u00faa ejecut\u00e1ndose a trav\u00e9s de estrategias como el &nbsp;foco en la asistencia, revinculaci\u00f3n y fortalecimiento de los aprendizajes.<\/p>\n\n\n\n<p>\u201cFaltar a clases no es solo perderse materia, es tambi\u00e9n perderse experiencias insustituibles. Es en escuelas, colegios y liceos donde conocemos a nuestras y nuestros amigos de la vida, abrimos nuestra mirada al mundo y so\u00f1amos con lo que queremos ser\u201d, destac\u00f3 la SEREMI Alyson Hadad.<\/p>\n\n\n\n<p>Entre las estrategias desarrolladas para alcanzar este alt\u00edsimo nivel de asistencia, de un 96%, Mar\u00eda Jos\u00e9 Guajardo, Trabajadora Social del Colegio Art\u00edstico Santa Teresa de Machal\u00ed, coment\u00f3: \u201cTenemos un comit\u00e9 de asistencia en el cual se incorporan asistentes de la educaci\u00f3n e inspectores, nos dividimos por ciclo escolar y cada inspector lleva la asistencia de su ciclo. Cada 2 d\u00edas de inasistencia, se toma contacto con las familias para conocer el por qu\u00e9 de las inasistencias y al t\u00e9rmino del semestre, enviamos como dupla sicosocial un reporte a apoderados notificando que cumpl\u00edan con menos del 85% de asistencia\u201d, indic\u00f3 la profesional.<\/p>\n\n\n\n<p>A trav\u00e9s de \u00e9sta y otras estrategias, el equipo directivo y docente del establecimiento, han podido vincularse de manera m\u00e1s cercana con las problem\u00e1ticas de la familia y as\u00ed identificar alternativas de soluci\u00f3n.<\/p>\n\n\n\n<p>Cabe destacar que &#8211; &nbsp;para alcanzar este nivel de asistencia &#8211; &nbsp;la comunidad educativa debe trabajar en conjunto; de este modo, madres\/padres y familias deben asegurar la asistencia diaria al colegio; las comunidades educativas generan acciones concretas y la ciudadan\u00eda, a quienes se les hace un llamado para valorar las escuelas como espacios de desarrollo integral.<\/p>\n","protected":false},"excerpt":{"rendered":"Rancagua, 06 de agosto de 2025.- La campa\u00f1a \u201cVolvamos a Clases: El aprendizaje lo construimos en comunidad\u201d busca&hellip;\n","protected":false},"author":4,"featured_media":2638,"comment_status":"closed","ping_status":"closed","sticky":false,"template":"","format":"standard","meta":{"footnotes":""},"categories":[23],"tags":[],"class_list":{"0":"post-2636","1":"post","2":"type-post","3":"status-publish","4":"format-standard","5":"has-post-thumbnail","7":"category-principal"},"_links":{"self":[{"href":"https:\/\/www.diariohiggins.cl\/portal\/wp-json\/wp\/v2\/posts\/2636","targetHints":{"allow":["GET"]}}],"collection":[{"href":"https:\/\/www.diariohiggins.cl\/portal\/wp-json\/wp\/v2\/posts"}],"about":[{"href":"https:\/\/www.diariohiggins.cl\/portal\/wp-json\/wp\/v2\/types\/post"}],"author":[{"embeddable":true,"href":"https:\/\/www.diariohiggins.cl\/portal\/wp-json\/wp\/v2\/users\/4"}],"replies":[{"embeddable":true,"href":"https:\/\/www.diariohiggins.cl\/portal\/wp-json\/wp\/v2\/comments?post=2636"}],"version-history":[{"count":1,"href":"https:\/\/www.diariohiggins.cl\/portal\/wp-json\/wp\/v2\/posts\/2636\/revisions"}],"predecessor-version":[{"id":2639,"href":"https:\/\/www.diariohiggins.cl\/portal\/wp-json\/wp\/v2\/posts\/2636\/revisions\/2639"}],"wp:featuredmedia":[{"embeddable":true,"href":"https:\/\/www.diariohiggins.cl\/portal\/wp-json\/wp\/v2\/media\/2638"}],"wp:attachment":[{"href":"https:\/\/www.diariohiggins.cl\/portal\/wp-json\/wp\/v2\/media?parent=2636"}],"wp:term":[{"taxonomy":"category","embeddable":true,"href":"https:\/\/www.diariohiggins.cl\/portal\/wp-json\/wp\/v2\/categories?post=2636"},{"taxonomy":"post_tag","embeddable":true,"href":"https:\/\/www.diariohiggins.cl\/portal\/wp-json\/wp\/v2\/tags?post=2636"}],"curies":[{"name":"wp","href":"https:\/\/api.w.org\/{rel}","templated":true}]}}