{"id":2633,"date":"2025-08-04T14:38:00","date_gmt":"2025-08-04T14:38:00","guid":{"rendered":"https:\/\/www.diariohiggins.cl\/portal\/?p=2633"},"modified":"2025-08-04T14:38:02","modified_gmt":"2025-08-04T14:38:02","slug":"manana-se-abren-postulaciones-al-sistema-de-admision-escolar-2026","status":"publish","type":"post","link":"https:\/\/www.diariohiggins.cl\/portal\/2025\/08\/04\/manana-se-abren-postulaciones-al-sistema-de-admision-escolar-2026\/","title":{"rendered":"Ma\u00f1ana se abren postulaciones al Sistema de Admisi\u00f3n Escolar 2026"},"content":{"rendered":"\n<ul class=\"wp-block-list\">\n<li><em>A partir de las 09:00 horas de ma\u00f1ana martes 5 de agosto y hasta las 14:00 horas del jueves 28 de agosto, se desarrollar\u00e1 el per\u00edodo de postulaci\u00f3n principal para el Sistema de Admisi\u00f3n Escolar, requisito obligatorio para quienes ingresen por primera vez al sistema educativo o bien, cambian de establecimiento educacional. A trav\u00e9s del SAE las familias pueden postular a sus hijas\/os en establecimientos p\u00fablicos (municipales y SLEP) y subvencionados por el Estado.<\/em><\/li>\n<\/ul>\n\n\n\n<p>Rancagua, agosto 04 de 2025.- A menos de 24 horas que comience el per\u00edodo principal para postular al Sistema de Admisi\u00f3n Escolar \u2013 SAE \u2013 la autoridad regional de Educaci\u00f3n, SEREMI Alyson Hadad, reiter\u00f3 el llamado a las familias a realizar este proceso informadas respecto a las caracter\u00edsticas de cada establecimiento educacional; as\u00ed como tambi\u00e9n, postular al menos a 6 opciones diferentes en orden de preferencia.<\/p>\n\n\n\n<p>\u201cComo otros a\u00f1os, insistimos en que la postulaci\u00f3n no es por orden de llegada; sino, las familias podr\u00e1n postular en las fechas se\u00f1aladas, incluso pueden modificar el orden de preferencias, agregar establecimientos o eliminar su postulaci\u00f3n hasta que cierre el proceso, por lo que se aconseja hacer este tr\u00e1mite en calma\u201d, aconsej\u00f3 la autoridad.<\/p>\n\n\n\n<p>A nivel regional, son m\u00e1s de 8 mil estudiantes obligados a postular mediante este sistema; de los cuales 5.606 pertenecen a la provincia de Cachapoal; 2.195 a Colchagua y 597 de Cardenal Caro, ello porque: ingresan por primera vez al sistema educacional, son estudiantes cuyo establecimiento no cuenta con el siguiente nivel al que asiste durante 2026, familias que se cambian de ciudad y estudiantes que deseen reinsertarse al sistema educativo.<\/p>\n\n\n\n<p>Finalmente, la seremi Alyson Hadad inform\u00f3 que, para facilitar este proceso, se dispondr\u00e1 de personal adicional quienes ayudar\u00e1n y guiar\u00e1n a las familias en la postulaci\u00f3n en la serem\u00eda de Educaci\u00f3n (Rancagua) y el Departamento Provincial de Colchagua en San Fernando.<\/p>\n\n\n\n<p>M\u00e1s informaci\u00f3n en <a href=\"https:\/\/www.sistemadeadmisionescolar.cl\/\">https:\/\/www.sistemadeadmisionescolar.cl\/<\/a><\/p>\n","protected":false},"excerpt":{"rendered":"Rancagua, agosto 04 de 2025.- A menos de 24 horas que comience el per\u00edodo principal para postular al&hellip;\n","protected":false},"author":4,"featured_media":2634,"comment_status":"closed","ping_status":"closed","sticky":false,"template":"","format":"standard","meta":{"footnotes":""},"categories":[23],"tags":[],"class_list":{"0":"post-2633","1":"post","2":"type-post","3":"status-publish","4":"format-standard","5":"has-post-thumbnail","7":"category-principal"},"_links":{"self":[{"href":"https:\/\/www.diariohiggins.cl\/portal\/wp-json\/wp\/v2\/posts\/2633","targetHints":{"allow":["GET"]}}],"collection":[{"href":"https:\/\/www.diariohiggins.cl\/portal\/wp-json\/wp\/v2\/posts"}],"about":[{"href":"https:\/\/www.diariohiggins.cl\/portal\/wp-json\/wp\/v2\/types\/post"}],"author":[{"embeddable":true,"href":"https:\/\/www.diariohiggins.cl\/portal\/wp-json\/wp\/v2\/users\/4"}],"replies":[{"embeddable":true,"href":"https:\/\/www.diariohiggins.cl\/portal\/wp-json\/wp\/v2\/comments?post=2633"}],"version-history":[{"count":1,"href":"https:\/\/www.diariohiggins.cl\/portal\/wp-json\/wp\/v2\/posts\/2633\/revisions"}],"predecessor-version":[{"id":2635,"href":"https:\/\/www.diariohiggins.cl\/portal\/wp-json\/wp\/v2\/posts\/2633\/revisions\/2635"}],"wp:featuredmedia":[{"embeddable":true,"href":"https:\/\/www.diariohiggins.cl\/portal\/wp-json\/wp\/v2\/media\/2634"}],"wp:attachment":[{"href":"https:\/\/www.diariohiggins.cl\/portal\/wp-json\/wp\/v2\/media?parent=2633"}],"wp:term":[{"taxonomy":"category","embeddable":true,"href":"https:\/\/www.diariohiggins.cl\/portal\/wp-json\/wp\/v2\/categories?post=2633"},{"taxonomy":"post_tag","embeddable":true,"href":"https:\/\/www.diariohiggins.cl\/portal\/wp-json\/wp\/v2\/tags?post=2633"}],"curies":[{"name":"wp","href":"https:\/\/api.w.org\/{rel}","templated":true}]}}