{"id":2630,"date":"2025-08-03T22:21:29","date_gmt":"2025-08-03T22:21:29","guid":{"rendered":"https:\/\/www.diariohiggins.cl\/portal\/?p=2630"},"modified":"2025-08-03T22:22:32","modified_gmt":"2025-08-03T22:22:32","slug":"confirman-que-fue-encontrado-ultimo-minero-desaparecido-tras-tragedia-de-el-teniente","status":"publish","type":"post","link":"https:\/\/www.diariohiggins.cl\/portal\/2025\/08\/03\/confirman-que-fue-encontrado-ultimo-minero-desaparecido-tras-tragedia-de-el-teniente\/","title":{"rendered":"Confirman que fue encontrado \u00faltimo minero desaparecido tras tragedia de El Teniente"},"content":{"rendered":"\n<p>El \u00faltimo de los mineros atrapados tras el derrumbe del proyecto Andesita, fue encontrado sin vida, este domingo, tras extensas labores de b\u00fasqueda que se extienden del pasado jueves.<\/p>\n\n\n\n<p>Se trata de Mois\u00e9s Pavez Armijo, de 33 a\u00f1os oriundo de Coinco, quien hab\u00eda egresado el a\u00f1o 2009 del Liceo Claudio Arrau de Do\u00f1ihue.<\/p>\n\n\n\n<p>Con este hallazgo, lamentablemente, en su totalidad de los mineros desaparecidos tras el derrumbe fueron encontrados sin vida.<\/p>\n","protected":false},"excerpt":{"rendered":"El \u00faltimo de los mineros atrapados tras el derrumbe del proyecto Andesita, fue encontrado sin vida, este domingo,&hellip;\n","protected":false},"author":3,"featured_media":2631,"comment_status":"closed","ping_status":"closed","sticky":false,"template":"","format":"standard","meta":{"footnotes":""},"categories":[23],"tags":[],"class_list":{"0":"post-2630","1":"post","2":"type-post","3":"status-publish","4":"format-standard","5":"has-post-thumbnail","7":"category-principal"},"_links":{"self":[{"href":"https:\/\/www.diariohiggins.cl\/portal\/wp-json\/wp\/v2\/posts\/2630","targetHints":{"allow":["GET"]}}],"collection":[{"href":"https:\/\/www.diariohiggins.cl\/portal\/wp-json\/wp\/v2\/posts"}],"about":[{"href":"https:\/\/www.diariohiggins.cl\/portal\/wp-json\/wp\/v2\/types\/post"}],"author":[{"embeddable":true,"href":"https:\/\/www.diariohiggins.cl\/portal\/wp-json\/wp\/v2\/users\/3"}],"replies":[{"embeddable":true,"href":"https:\/\/www.diariohiggins.cl\/portal\/wp-json\/wp\/v2\/comments?post=2630"}],"version-history":[{"count":1,"href":"https:\/\/www.diariohiggins.cl\/portal\/wp-json\/wp\/v2\/posts\/2630\/revisions"}],"predecessor-version":[{"id":2632,"href":"https:\/\/www.diariohiggins.cl\/portal\/wp-json\/wp\/v2\/posts\/2630\/revisions\/2632"}],"wp:featuredmedia":[{"embeddable":true,"href":"https:\/\/www.diariohiggins.cl\/portal\/wp-json\/wp\/v2\/media\/2631"}],"wp:attachment":[{"href":"https:\/\/www.diariohiggins.cl\/portal\/wp-json\/wp\/v2\/media?parent=2630"}],"wp:term":[{"taxonomy":"category","embeddable":true,"href":"https:\/\/www.diariohiggins.cl\/portal\/wp-json\/wp\/v2\/categories?post=2630"},{"taxonomy":"post_tag","embeddable":true,"href":"https:\/\/www.diariohiggins.cl\/portal\/wp-json\/wp\/v2\/tags?post=2630"}],"curies":[{"name":"wp","href":"https:\/\/api.w.org\/{rel}","templated":true}]}}